{"id":29728,"date":"2026-09-05T10:28:35","date_gmt":"2026-09-05T13:28:35","guid":{"rendered":"https:\/\/laserenaradio.cl\/web\/?p=29728"},"modified":"2026-09-05T10:28:35","modified_gmt":"2026-09-05T13:28:35","slug":"estudiante-agredido-con-arma-blanca-por-dos-menores-en-colegio-de-la-serena-agresores-detenidos","status":"publish","type":"post","link":"https:\/\/laserenaradio.cl\/web\/2026\/09\/05\/estudiante-agredido-con-arma-blanca-por-dos-menores-en-colegio-de-la-serena-agresores-detenidos\/","title":{"rendered":"Estudiante agredido con arma blanca por dos menores en colegio de La Serena; agresores detenidos."},"content":{"rendered":"<p>Un menor de 13 a\u00f1os, estudiante del colegio Dar\u00edo Salas en Las Compa\u00f1\u00edas de La Serena, regi\u00f3n de Coquimbo, sufri\u00f3 lesiones de mediana gravedad tras una agresi\u00f3n con arma blanca. Dos adolescentes, de 14 y 15 a\u00f1os, fueron responsables del ataque. Los agresores ingresaron al establecimiento educacional saltando la reja, agrediendo al estudiante durante la jornada lectiva del colegio.<\/p>\n<p>Tras un extenso operativo llevado a cabo por <a href=\"https:\/\/www.carabineros.cl\/\">Carabineros<\/a> de la Sexta Comisar\u00eda, se logr\u00f3 la detenci\u00f3n de los dos menores. El teniente V\u00edctor Martinangeli, quien lider\u00f3 el operativo, confirm\u00f3 que los aprehendidos fueron detenidos. Martinangeli se\u00f1al\u00f3 que se est\u00e1 verificando su historial de antecedentes penales, lo que indica que los testigos reconocieron su presencia en el colegio y la comisi\u00f3n de las lesiones.<\/p>\n<p>Desde el Servicio Local de Educaci\u00f3n Elqui, el director ejecutivo Pedro Esparza confirm\u00f3 que el menor afectado se encuentra en proceso de recuperaci\u00f3n. Adem\u00e1s, autoridades han comunicado que no descartan iniciar acciones judiciales en contra de los agresores, debido a la gravedad del hecho de violencia adolescente. Esparza explic\u00f3 que ya se est\u00e1n coordinando esfuerzos para brindar contenci\u00f3n a la familia y al estudiante.<\/p>\n","protected":false},"excerpt":{"rendered":"<p>Un menor de 13 a\u00f1os, estudiante del colegio Dar\u00edo Salas en Las Compa\u00f1\u00edas de La Serena, regi\u00f3n de Coquimbo, sufri\u00f3 lesiones de mediana gravedad tras una agresi\u00f3n con arma blanca. Dos adolescentes, de 14 y 15 a\u00f1os, fueron responsables del ataque. Los agresores ingresaron al establecimiento educacional saltando la reja, agrediendo al estudiante durante la [&hellip;]<\/p>\n","protected":false},"author":2,"featured_media":29727,"comment_status":"closed","ping_status":"open","sticky":false,"template":"","format":"standard","meta":{"_jetpack_newsletter_access":"","_jetpack_dont_email_post_to_subs":false,"_jetpack_newsletter_tier_id":0,"_jetpack_memberships_contains_paywalled_content":false,"_jetpack_feature_clip_id":0,"_jetpack_memberships_contains_paid_content":false,"jnews-multi-image_gallery":[],"jnews_single_post":[],"jnews_primary_category":[],"jnews_social_meta":[],"jnews_paywall_metabox":[],"jnews_review":[],"enable_review":"","type":"","name":"","summary":"","brand":"","sku":"","good":[],"bad":[],"score_override":"","override_value":"","rating":[],"price":[],"jnews_override_counter":[],"jnews_post_split":[],"footnotes":"","jetpack_post_was_ever_published":false},"categories":[84],"tags":[],"class_list":["post-29728","post","type-post","status-publish","format-standard","has-post-thumbnail","hentry","category-deportes"],"jetpack_sharing_enabled":true,"jetpack_featured_media_url":"https:\/\/laserenaradio.cl\/web\/wp-content\/uploads\/2026\/09\/mediapiaiextstaticimg_webpcustom_b1b1f7e5.webp","_links":{"self":[{"href":"https:\/\/laserenaradio.cl\/web\/wp-json\/wp\/v2\/posts\/29728","targetHints":{"allow":["GET"]}}],"collection":[{"href":"https:\/\/laserenaradio.cl\/web\/wp-json\/wp\/v2\/posts"}],"about":[{"href":"https:\/\/laserenaradio.cl\/web\/wp-json\/wp\/v2\/types\/post"}],"author":[{"embeddable":true,"href":"https:\/\/laserenaradio.cl\/web\/wp-json\/wp\/v2\/users\/2"}],"replies":[{"embeddable":true,"href":"https:\/\/laserenaradio.cl\/web\/wp-json\/wp\/v2\/comments?post=29728"}],"version-history":[{"count":1,"href":"https:\/\/laserenaradio.cl\/web\/wp-json\/wp\/v2\/posts\/29728\/revisions"}],"predecessor-version":[{"id":29729,"href":"https:\/\/laserenaradio.cl\/web\/wp-json\/wp\/v2\/posts\/29728\/revisions\/29729"}],"wp:featuredmedia":[{"embeddable":true,"href":"https:\/\/laserenaradio.cl\/web\/wp-json\/wp\/v2\/media\/29727"}],"wp:attachment":[{"href":"https:\/\/laserenaradio.cl\/web\/wp-json\/wp\/v2\/media?parent=29728"}],"wp:term":[{"taxonomy":"category","embeddable":true,"href":"https:\/\/laserenaradio.cl\/web\/wp-json\/wp\/v2\/categories?post=29728"},{"taxonomy":"post_tag","embeddable":true,"href":"https:\/\/laserenaradio.cl\/web\/wp-json\/wp\/v2\/tags?post=29728"}],"curies":[{"name":"wp","href":"https:\/\/api.w.org\/{rel}","templated":true}]}}