{"id":29725,"date":"2026-09-05T10:17:09","date_gmt":"2026-09-05T13:17:09","guid":{"rendered":"https:\/\/laserenaradio.cl\/web\/?p=29725"},"modified":"2026-09-05T10:17:09","modified_gmt":"2026-09-05T13:17:09","slug":"frente-amplio-asume-nueva-conduccion-para-fortalecer-unidad-y-proyecto-politico","status":"publish","type":"post","link":"https:\/\/laserenaradio.cl\/web\/2026\/09\/05\/frente-amplio-asume-nueva-conduccion-para-fortalecer-unidad-y-proyecto-politico\/","title":{"rendered":"Frente Amplio asume nueva conducci\u00f3n para fortalecer unidad y proyecto pol\u00edtico."},"content":{"rendered":"<p>Con un fuerte llamado a fortalecer la unidad interna y ampliar el trabajo territorial, el Frente Amplio llev\u00f3 a cabo su ceremonia de cambio de mando. Este evento marc\u00f3 un paso clave en la estrategia pol\u00edtica chilena, buscando consolidar la voz de la izquierda chilena y construir una alternativa pol\u00edtica s\u00f3lida frente al actual Gobierno de Jos\u00e9 Antonio Kast.<\/p>\n<p>La nueva conducci\u00f3n, encabezada por la diputada Gael Yeomans, asumi\u00f3 oficialmente su rol por los pr\u00f3ximos dos a\u00f1os. Durante la jornada, se realiz\u00f3 un balance de la etapa anterior, identificando los desaf\u00edos que enfrenta el movimiento. La ceremonia se celebr\u00f3 en la sede de la Central Unitaria de Trabajadores (CUT) y reuni\u00f3 a figuras importantes de la pol\u00edtica chilena, incluidos dirigentes y parlamentarios.<\/p>\n<p>La diputada Gael Yeomans reafirm\u00f3 el compromiso de la nueva conducci\u00f3n con la defensa y ampliaci\u00f3n de derechos sociales, ante lo que describi\u00f3 como un escenario de retrocesos pol\u00edticos. La principal misi\u00f3n de la coalici\u00f3n es avanzar en un proyecto de pa\u00eds que ponga las necesidades de las personas por delante.<\/p>\n<p>Entre las prioridades de esta nueva gesti\u00f3n se encuentran impulsar un congreso org\u00e1nico, intensificar el trabajo territorial en distintos sectores y formar nuevos liderazgos dentro de la alianza progresista. Es fundamental, se\u00f1alaron los l\u00edderes, articular el trabajo parlamentario, municipal y social para trazar un proyecto de futuro y no limitarse a reaccionar ante la coyuntura actual.<\/p>\n<p>Constanza Mart\u00ednez, la nueva secretaria general, destac\u00f3 que el Frente Amplio logr\u00f3 superar retos significativos y que su objetivo ahora es fortalecer la organizaci\u00f3n y la presencia en los territorios. Este esfuerzo de unidad interna es crucial para la defensa de los derechos sociales y la articulaci\u00f3n de una agenda de izquierda m\u00e1s potente.<\/p>\n<p>El evento tambi\u00e9n estuvo marcado por un momento de respeto en memoria del hist\u00f3rico dirigente socialista Camilo Escalona. La jornada de cambio de mando, que reafirma la fuerza de la oposici\u00f3n, subraya el compromiso de la izquierda chilena con sus principios progresistas y la necesidad de una acci\u00f3n pol\u00edtica coordinada.<\/p>\n","protected":false},"excerpt":{"rendered":"<p>Con un fuerte llamado a fortalecer la unidad interna y ampliar el trabajo territorial, el Frente Amplio llev\u00f3 a cabo su ceremonia de cambio de mando. Este evento marc\u00f3 un paso clave en la estrategia pol\u00edtica chilena, buscando consolidar la voz de la izquierda chilena y construir una alternativa pol\u00edtica s\u00f3lida frente al actual Gobierno [&hellip;]<\/p>\n","protected":false},"author":2,"featured_media":29724,"comment_status":"closed","ping_status":"open","sticky":false,"template":"","format":"standard","meta":{"_jetpack_newsletter_access":"","_jetpack_dont_email_post_to_subs":false,"_jetpack_newsletter_tier_id":0,"_jetpack_memberships_contains_paywalled_content":false,"_jetpack_feature_clip_id":0,"_jetpack_memberships_contains_paid_content":false,"jnews-multi-image_gallery":[],"jnews_single_post":[],"jnews_primary_category":[],"jnews_social_meta":[],"jnews_paywall_metabox":[],"jnews_review":[],"enable_review":"","type":"","name":"","summary":"","brand":"","sku":"","good":[],"bad":[],"score_override":"","override_value":"","rating":[],"price":[],"jnews_override_counter":[],"jnews_post_split":[],"footnotes":"","jetpack_post_was_ever_published":false},"categories":[83],"tags":[],"class_list":["post-29725","post","type-post","status-publish","format-standard","has-post-thumbnail","hentry","category-politica"],"jetpack_sharing_enabled":true,"jetpack_featured_media_url":"https:\/\/laserenaradio.cl\/web\/wp-content\/uploads\/2026\/09\/mediapiaiextstaticimg_webpFrenteAmplio_0_0_s.webp","_links":{"self":[{"href":"https:\/\/laserenaradio.cl\/web\/wp-json\/wp\/v2\/posts\/29725","targetHints":{"allow":["GET"]}}],"collection":[{"href":"https:\/\/laserenaradio.cl\/web\/wp-json\/wp\/v2\/posts"}],"about":[{"href":"https:\/\/laserenaradio.cl\/web\/wp-json\/wp\/v2\/types\/post"}],"author":[{"embeddable":true,"href":"https:\/\/laserenaradio.cl\/web\/wp-json\/wp\/v2\/users\/2"}],"replies":[{"embeddable":true,"href":"https:\/\/laserenaradio.cl\/web\/wp-json\/wp\/v2\/comments?post=29725"}],"version-history":[{"count":1,"href":"https:\/\/laserenaradio.cl\/web\/wp-json\/wp\/v2\/posts\/29725\/revisions"}],"predecessor-version":[{"id":29726,"href":"https:\/\/laserenaradio.cl\/web\/wp-json\/wp\/v2\/posts\/29725\/revisions\/29726"}],"wp:featuredmedia":[{"embeddable":true,"href":"https:\/\/laserenaradio.cl\/web\/wp-json\/wp\/v2\/media\/29724"}],"wp:attachment":[{"href":"https:\/\/laserenaradio.cl\/web\/wp-json\/wp\/v2\/media?parent=29725"}],"wp:term":[{"taxonomy":"category","embeddable":true,"href":"https:\/\/laserenaradio.cl\/web\/wp-json\/wp\/v2\/categories?post=29725"},{"taxonomy":"post_tag","embeddable":true,"href":"https:\/\/laserenaradio.cl\/web\/wp-json\/wp\/v2\/tags?post=29725"}],"curies":[{"name":"wp","href":"https:\/\/api.w.org\/{rel}","templated":true}]}}