{"id":29722,"date":"2026-09-04T20:41:45","date_gmt":"2026-09-04T23:41:45","guid":{"rendered":"https:\/\/laserenaradio.cl\/web\/?p=29722"},"modified":"2026-09-04T20:41:45","modified_gmt":"2026-09-04T23:41:45","slug":"operativo-interinstitucional-en-toma-la-varilla-dejo-271-fiscalizados-31-extranjeros-denunciados-y-3-detenidos","status":"publish","type":"post","link":"https:\/\/laserenaradio.cl\/web\/2026\/09\/04\/operativo-interinstitucional-en-toma-la-varilla-dejo-271-fiscalizados-31-extranjeros-denunciados-y-3-detenidos\/","title":{"rendered":"Operativo interinstitucional en Toma La Varilla dej\u00f3 271 fiscalizados, 31 extranjeros denunciados y 3 detenidos."},"content":{"rendered":"<p>El procedimiento, desarrollado en el marco de la Agenda contra el Crimen Organizado y el Terrorismo, dej\u00f3 adem\u00e1s a dos personas extranjeras notificadas para materializar su expulsi\u00f3n del territorio nacional.<\/p>\n<p>Un total de 271 personas fiscalizadas, 31 extranjeros denunciados por infracciones a la normativa migratoria, tres detenidos y dos personas extranjeras notificadas para materializar su expulsi\u00f3n del territorio nacional, dej\u00f3 como resultado el amplio operativo de control migratorio desarrollado en el sector de La Varilla, en La Serena.<\/p>\n<p>La intervenci\u00f3n se realiz\u00f3 en el marco de la Agenda contra el Crimen Organizado y el Terrorismo y tuvo como objetivo fortalecer el control territorial, verificar la situaci\u00f3n migratoria de personas extranjeras, detectar infracciones y eventuales situaciones de inter\u00e9s policial, adem\u00e1s de reforzar la presencia efectiva del Estado en un sector que ha sido priorizado para este tipo de intervenciones.<\/p>\n<p>El Delegado Presidencial regional, V\u00edctor Pino coment\u00f3 que \u201cel operativo llevado a cabo hoy por las instituciones que componen el ecosistema de seguridad es reflejo de un trabajo coordinado y planificado, que arroj\u00f3 resultados positivos, demostrando la presencia efectiva del Estado en el territorio.\u201d<\/p>\n<p>La seremi de Seguridad P\u00fablica, Mar\u00eda Jos\u00e9 Duarte, destac\u00f3 que el operativo fue resultado de una planificaci\u00f3n interinstitucional y responde a una estrategia destinada a intervenir aquellos sectores donde puedan existir factores que faciliten la comisi\u00f3n de delitos.<\/p>\n<p>\u201cEste operativo se enmarca en la Agenda contra el Crimen Organizado y responde a una definici\u00f3n clara: donde existan factores que faciliten la actividad delictual, el Estado debe estar presente de manera coordinada. Desplegamos capacidades policiales, municipales y fiscalizadoras para fortalecer el control territorial\u201d, se\u00f1al\u00f3.<\/p>\n<p>Fiscalizaci\u00f3n migratoria y control territorial<\/p>\n<p>La Polic\u00eda de Investigaciones despleg\u00f3 70 funcionarios, quienes realizaron 271 fiscalizaciones migratorias. Como resultado de estos procedimientos, 31 personas extranjeras fueron denunciadas por infracciones a la normativa migratoria, tres personas fueron detenidas y otras dos quedaron notificadas para materializar su expulsi\u00f3n del territorio nacional.<\/p>\n<p>Por su parte, Carabineros de Chile particip\u00f3 con 30 funcionarios, quienes efectuaron 163 controles de identidad y 60 controles vehiculares, adem\u00e1s de cursar 26 infracciones de tr\u00e1nsito.<\/p>\n<p>A estas acciones se sum\u00f3 el trabajo de 22 funcionarios de Seguridad Municipal de La Serena, quienes cursaron otras 33 infracciones durante el desarrollo del operativo.<\/p>\n<p>\u201cEste es el nivel de articulaci\u00f3n y firmeza que nos exige la Agenda contra el Crimen Organizado del Gobierno del Presidente Jos\u00e9 Antonio Kast. Queremos dar la tranquilidad a las familias de la Regi\u00f3n de Coquimbo de que estos operativos no son hechos aislados, sino parte de una estrategia continua que seguiremos ejecutando de forma permanente en los sectores que m\u00e1s lo requieran\u201d, enfatiz\u00f3 el Delegado V\u00edctor Pino.<\/p>\n","protected":false},"excerpt":{"rendered":"<p>El procedimiento, desarrollado en el marco de la Agenda contra el Crimen Organizado y el Terrorismo, dej\u00f3 adem\u00e1s a dos personas extranjeras notificadas para materializar su expulsi\u00f3n del territorio nacional. Un total de 271 personas fiscalizadas, 31 extranjeros denunciados por infracciones a la normativa migratoria, tres detenidos y dos personas extranjeras notificadas para materializar su [&hellip;]<\/p>\n","protected":false},"author":2,"featured_media":29721,"comment_status":"closed","ping_status":"open","sticky":false,"template":"","format":"standard","meta":{"_jetpack_newsletter_access":"","_jetpack_dont_email_post_to_subs":false,"_jetpack_newsletter_tier_id":0,"_jetpack_memberships_contains_paywalled_content":false,"_jetpack_feature_clip_id":0,"_jetpack_memberships_contains_paid_content":false,"jnews-multi-image_gallery":[],"jnews_single_post":[],"jnews_primary_category":[],"jnews_social_meta":[],"jnews_paywall_metabox":[],"jnews_review":[],"enable_review":"","type":"","name":"","summary":"","brand":"","sku":"","good":[],"bad":[],"score_override":"","override_value":"","rating":[],"price":[],"jnews_override_counter":[],"jnews_post_split":[],"footnotes":"","jetpack_post_was_ever_published":false},"categories":[84],"tags":[],"class_list":["post-29722","post","type-post","status-publish","format-standard","has-post-thumbnail","hentry","category-deportes"],"jetpack_sharing_enabled":true,"jetpack_featured_media_url":"https:\/\/laserenaradio.cl\/web\/wp-content\/uploads\/2026\/09\/mediapiaiextstaticimg_webpCrimenOrganizadoVictorPinoDelegadoPresidencialSeguridadPublicaMariaJoseAntonioKast_source.webp","_links":{"self":[{"href":"https:\/\/laserenaradio.cl\/web\/wp-json\/wp\/v2\/posts\/29722","targetHints":{"allow":["GET"]}}],"collection":[{"href":"https:\/\/laserenaradio.cl\/web\/wp-json\/wp\/v2\/posts"}],"about":[{"href":"https:\/\/laserenaradio.cl\/web\/wp-json\/wp\/v2\/types\/post"}],"author":[{"embeddable":true,"href":"https:\/\/laserenaradio.cl\/web\/wp-json\/wp\/v2\/users\/2"}],"replies":[{"embeddable":true,"href":"https:\/\/laserenaradio.cl\/web\/wp-json\/wp\/v2\/comments?post=29722"}],"version-history":[{"count":1,"href":"https:\/\/laserenaradio.cl\/web\/wp-json\/wp\/v2\/posts\/29722\/revisions"}],"predecessor-version":[{"id":29723,"href":"https:\/\/laserenaradio.cl\/web\/wp-json\/wp\/v2\/posts\/29722\/revisions\/29723"}],"wp:featuredmedia":[{"embeddable":true,"href":"https:\/\/laserenaradio.cl\/web\/wp-json\/wp\/v2\/media\/29721"}],"wp:attachment":[{"href":"https:\/\/laserenaradio.cl\/web\/wp-json\/wp\/v2\/media?parent=29722"}],"wp:term":[{"taxonomy":"category","embeddable":true,"href":"https:\/\/laserenaradio.cl\/web\/wp-json\/wp\/v2\/categories?post=29722"},{"taxonomy":"post_tag","embeddable":true,"href":"https:\/\/laserenaradio.cl\/web\/wp-json\/wp\/v2\/tags?post=29722"}],"curies":[{"name":"wp","href":"https:\/\/api.w.org\/{rel}","templated":true}]}}