{"id":29710,"date":"2026-09-04T20:14:59","date_gmt":"2026-09-04T23:14:59","guid":{"rendered":"https:\/\/laserenaradio.cl\/web\/?p=29710"},"modified":"2026-09-04T20:14:59","modified_gmt":"2026-09-04T23:14:59","slug":"oposicion-progresista-conmemora-a-frei-y-allende-y-llama-a-la-unidad-ante-amenazas-a-la-democracia","status":"publish","type":"post","link":"https:\/\/laserenaradio.cl\/web\/2026\/09\/04\/oposicion-progresista-conmemora-a-frei-y-allende-y-llama-a-la-unidad-ante-amenazas-a-la-democracia\/","title":{"rendered":"Oposici\u00f3n progresista conmemora a Frei y Allende y llama a la unidad ante amenazas a la democracia"},"content":{"rendered":"<p>En el marco del encuentro Democracia Siempre, los partidos de la oposici\u00f3n pol\u00edtica en Chile rindieron un emotivo homenaje a los expresidentes Eduardo Frei Montalva y Salvador Allende. En la Plaza de la Ciudadan\u00eda, frente al Palacio de La Moneda, fuerzas del progresismo se reunieron en un acto conjunto para conmemorar ambos importantes triunfos presidenciales, un evento que busca poner en valor la historia pol\u00edtica de Chile y relevar la unidad.<\/p>\n<p>Con esta demostraci\u00f3n de fuerza, la oposici\u00f3n busca enviar una se\u00f1al clara frente a los desaf\u00edos del presente y a la polarizaci\u00f3n pol\u00edtica que enfrentan, especialmente ante el gobierno de Jos\u00e9 Antonio Kast. En esta instancia, la presidenta del Partido Socialista, Paulina Vodanovic, advirti\u00f3 sobre el dif\u00edcil momento de la democracia en el pa\u00eds, se\u00f1alando que &#8220;estamos viviendo d\u00edas dif\u00edciles, donde la democracia se pone en riesgo, donde est\u00e1 amenazada&#8221;, haciendo referencia a los proyectos de reforma constitucional que el gobierno pretende impulsar.<\/p>\n<p>La conmemoraci\u00f3n de la memoria hist\u00f3rica estuvo presente en la reuni\u00f3n, con intervenciones de dirigentes, parlamentarios y militantes de diversas colectividades, como el exalcalde de Recoleta, Daniel Jadue, y la exministra de Defensa, Maya Fern\u00e1ndez. Esta \u00faltima aludi\u00f3 a los dichos del presidente argentino Javier Milei, enfatizando que Chile debe recordar su historia siempre y no puede tolerar faltas de respeto en el propio pa\u00eds.<\/p>\n<p>La secretaria general del Partido Comunista, B\u00e1rbara Figueroa, defendi\u00f3 la unidad pol\u00edtica de la oposici\u00f3n y reivindic\u00f3 el rol de los trabajadores en el debate pol\u00edtico. Figueroa asegur\u00f3 que es crucial un ejercicio de memoria que mire hacia el futuro. As\u00ed, la jornada de los partidos progresistas se centr\u00f3 en llamados constantes a mantener la unidad frente a lo que han calificado de avance de la ultraderecha, reafirmando el compromiso de la oposici\u00f3n con los valores de la democracia en Chile.<\/p>\n","protected":false},"excerpt":{"rendered":"<p>En el marco del encuentro Democracia Siempre, los partidos de la oposici\u00f3n pol\u00edtica en Chile rindieron un emotivo homenaje a los expresidentes Eduardo Frei Montalva y Salvador Allende. En la Plaza de la Ciudadan\u00eda, frente al Palacio de La Moneda, fuerzas del progresismo se reunieron en un acto conjunto para conmemorar ambos importantes triunfos presidenciales, [&hellip;]<\/p>\n","protected":false},"author":2,"featured_media":29709,"comment_status":"closed","ping_status":"open","sticky":false,"template":"","format":"standard","meta":{"_jetpack_newsletter_access":"","_jetpack_dont_email_post_to_subs":false,"_jetpack_newsletter_tier_id":0,"_jetpack_memberships_contains_paywalled_content":false,"_jetpack_feature_clip_id":0,"_jetpack_memberships_contains_paid_content":false,"jnews-multi-image_gallery":[],"jnews_single_post":[],"jnews_primary_category":[],"jnews_social_meta":[],"jnews_paywall_metabox":[],"jnews_review":[],"enable_review":"","type":"","name":"","summary":"","brand":"","sku":"","good":[],"bad":[],"score_override":"","override_value":"","rating":[],"price":[],"jnews_override_counter":[],"jnews_post_split":[],"footnotes":"","jetpack_post_was_ever_published":false},"categories":[83],"tags":[],"class_list":["post-29710","post","type-post","status-publish","format-standard","has-post-thumbnail","hentry","category-politica"],"jetpack_sharing_enabled":true,"jetpack_featured_media_url":"https:\/\/laserenaradio.cl\/web\/wp-content\/uploads\/2026\/09\/mediapiaiextstaticimg_webpSalvadorAllende_1_d.webp","_links":{"self":[{"href":"https:\/\/laserenaradio.cl\/web\/wp-json\/wp\/v2\/posts\/29710","targetHints":{"allow":["GET"]}}],"collection":[{"href":"https:\/\/laserenaradio.cl\/web\/wp-json\/wp\/v2\/posts"}],"about":[{"href":"https:\/\/laserenaradio.cl\/web\/wp-json\/wp\/v2\/types\/post"}],"author":[{"embeddable":true,"href":"https:\/\/laserenaradio.cl\/web\/wp-json\/wp\/v2\/users\/2"}],"replies":[{"embeddable":true,"href":"https:\/\/laserenaradio.cl\/web\/wp-json\/wp\/v2\/comments?post=29710"}],"version-history":[{"count":1,"href":"https:\/\/laserenaradio.cl\/web\/wp-json\/wp\/v2\/posts\/29710\/revisions"}],"predecessor-version":[{"id":29711,"href":"https:\/\/laserenaradio.cl\/web\/wp-json\/wp\/v2\/posts\/29710\/revisions\/29711"}],"wp:featuredmedia":[{"embeddable":true,"href":"https:\/\/laserenaradio.cl\/web\/wp-json\/wp\/v2\/media\/29709"}],"wp:attachment":[{"href":"https:\/\/laserenaradio.cl\/web\/wp-json\/wp\/v2\/media?parent=29710"}],"wp:term":[{"taxonomy":"category","embeddable":true,"href":"https:\/\/laserenaradio.cl\/web\/wp-json\/wp\/v2\/categories?post=29710"},{"taxonomy":"post_tag","embeddable":true,"href":"https:\/\/laserenaradio.cl\/web\/wp-json\/wp\/v2\/tags?post=29710"}],"curies":[{"name":"wp","href":"https:\/\/api.w.org\/{rel}","templated":true}]}}