{"id":29707,"date":"2026-09-04T20:10:08","date_gmt":"2026-09-04T23:10:08","guid":{"rendered":"https:\/\/laserenaradio.cl\/web\/?p=29707"},"modified":"2026-09-04T20:10:08","modified_gmt":"2026-09-04T23:10:08","slug":"valles-heroico-betis-derrota-al-real-madrid-tras-atajar-el-penal-de-mbappe","status":"publish","type":"post","link":"https:\/\/laserenaradio.cl\/web\/2026\/09\/04\/valles-heroico-betis-derrota-al-real-madrid-tras-atajar-el-penal-de-mbappe\/","title":{"rendered":"Valles heroico: Betis derrota al Real Madrid tras atajar el penal de Mbapp\u00e9"},"content":{"rendered":"<p>El Real Betis consigui\u00f3 un importante triunfo en el f\u00fatbol espa\u00f1ol al derrotar al Real Madrid por la cuarta fecha de LaLiga, destacando la gran actuaci\u00f3n del portero \u00c1lvaro Valles. El arquero tuvo varias intervenciones cruciales y, en los minutos finales del partido, se erigi\u00f3 como figura clave al contener un penalti de Kylian Mbapp\u00e9, asegurando el 1-0 a favor del equipo dirigido por Manuel Pellegrini.<\/p>\n<p>Fue precisamente a los 90+3 minutos cuando el \u00e1rbitro pit\u00f3 el penal a favor del Real Madrid, poniendo a Mbapp\u00e9 y a Valles mano a mano. Con una atajada espectacular hacia su derecha, el portero del Betis contuvo el potente remate, y un compa\u00f1ero blanquiverde ayud\u00f3 con el rebote para frustrar el empate del famoso delantero franc\u00e9s.<\/p>\n<p>Tras la jugada, \u00c1lvaro Valles no dud\u00f3 en se\u00f1alar el fallo de Mbapp\u00e9, lo que gener\u00f3 un breve altercado entre los jugadores de ambos equipos. Cabe recordar que la decisi\u00f3n del penal fue revisada por el VAR debido a una posible invasi\u00f3n de \u00e1rea, pero finalmente la revisi\u00f3n fue descartada.<\/p>\n<p>Gracias a esta victoria, el Real Betis suma 9 puntos en LaLiga y se consolida en la parte alta de la clasificaci\u00f3n, reafirmando su lucha por la clasificaci\u00f3n en la temporada actual.<\/p>\n","protected":false},"excerpt":{"rendered":"<p>El Real Betis consigui\u00f3 un importante triunfo en el f\u00fatbol espa\u00f1ol al derrotar al Real Madrid por la cuarta fecha de LaLiga, destacando la gran actuaci\u00f3n del portero \u00c1lvaro Valles. El arquero tuvo varias intervenciones cruciales y, en los minutos finales del partido, se erigi\u00f3 como figura clave al contener un penalti de Kylian Mbapp\u00e9, [&hellip;]<\/p>\n","protected":false},"author":2,"featured_media":29706,"comment_status":"closed","ping_status":"open","sticky":false,"template":"","format":"standard","meta":{"_jetpack_newsletter_access":"","_jetpack_dont_email_post_to_subs":false,"_jetpack_newsletter_tier_id":0,"_jetpack_memberships_contains_paywalled_content":false,"_jetpack_feature_clip_id":0,"_jetpack_memberships_contains_paid_content":false,"jnews-multi-image_gallery":[],"jnews_single_post":[],"jnews_primary_category":[],"jnews_social_meta":[],"jnews_paywall_metabox":[],"jnews_review":[],"enable_review":"","type":"","name":"","summary":"","brand":"","sku":"","good":[],"bad":[],"score_override":"","override_value":"","rating":[],"price":[],"jnews_override_counter":[],"jnews_post_split":[],"footnotes":"","jetpack_post_was_ever_published":false},"categories":[21],"tags":[],"class_list":["post-29707","post","type-post","status-publish","format-standard","has-post-thumbnail","hentry","category-nacional"],"jetpack_sharing_enabled":true,"jetpack_featured_media_url":"https:\/\/laserenaradio.cl\/web\/wp-content\/uploads\/2026\/09\/mediapiaiextstaticimg_webpRealBetisManuelPellegriniChampionsLeaguebajochilenogoleada_source.webp","_links":{"self":[{"href":"https:\/\/laserenaradio.cl\/web\/wp-json\/wp\/v2\/posts\/29707","targetHints":{"allow":["GET"]}}],"collection":[{"href":"https:\/\/laserenaradio.cl\/web\/wp-json\/wp\/v2\/posts"}],"about":[{"href":"https:\/\/laserenaradio.cl\/web\/wp-json\/wp\/v2\/types\/post"}],"author":[{"embeddable":true,"href":"https:\/\/laserenaradio.cl\/web\/wp-json\/wp\/v2\/users\/2"}],"replies":[{"embeddable":true,"href":"https:\/\/laserenaradio.cl\/web\/wp-json\/wp\/v2\/comments?post=29707"}],"version-history":[{"count":1,"href":"https:\/\/laserenaradio.cl\/web\/wp-json\/wp\/v2\/posts\/29707\/revisions"}],"predecessor-version":[{"id":29708,"href":"https:\/\/laserenaradio.cl\/web\/wp-json\/wp\/v2\/posts\/29707\/revisions\/29708"}],"wp:featuredmedia":[{"embeddable":true,"href":"https:\/\/laserenaradio.cl\/web\/wp-json\/wp\/v2\/media\/29706"}],"wp:attachment":[{"href":"https:\/\/laserenaradio.cl\/web\/wp-json\/wp\/v2\/media?parent=29707"}],"wp:term":[{"taxonomy":"category","embeddable":true,"href":"https:\/\/laserenaradio.cl\/web\/wp-json\/wp\/v2\/categories?post=29707"},{"taxonomy":"post_tag","embeddable":true,"href":"https:\/\/laserenaradio.cl\/web\/wp-json\/wp\/v2\/tags?post=29707"}],"curies":[{"name":"wp","href":"https:\/\/api.w.org\/{rel}","templated":true}]}}