{"id":29704,"date":"2026-09-04T20:02:39","date_gmt":"2026-09-04T23:02:39","guid":{"rendered":"https:\/\/laserenaradio.cl\/web\/?p=29704"},"modified":"2026-09-04T20:02:39","modified_gmt":"2026-09-04T23:02:39","slug":"maya-fernandez-condena-a-milei-por-falta-de-humanidad-y-por-intentar-normalizar-el-golpe-de-estado","status":"publish","type":"post","link":"https:\/\/laserenaradio.cl\/web\/2026\/09\/04\/maya-fernandez-condena-a-milei-por-falta-de-humanidad-y-por-intentar-normalizar-el-golpe-de-estado\/","title":{"rendered":"Maya Fern\u00e1ndez condena a Milei por &#8220;falta de humanidad&#8221; y por intentar normalizar el golpe de Estado"},"content":{"rendered":"<p>La exministra de Defensa de Chile, Maya Fern\u00e1ndez, arremeti\u00f3 con fuerza contra los dichos del presidente argentino, Javier Milei, durante el Foro Madrid, se\u00f1alando una \u201cfalta de humanidad\u201d en sus declaraciones. El conflicto gira en torno a c\u00f3mo Milei cuestion\u00f3 la gesti\u00f3n del expresidente Salvador Allende, refiri\u00e9ndose a \u00e9l como comunista, y aludi\u00f3 a que el per\u00edodo posterior al derrocamiento de Allende trajo estabilidad por m\u00e1s de cuarenta a\u00f1os, mencionando la dictadura c\u00edvico-militar.<\/p>\n<p>Al respecto, Fern\u00e1ndez enfatiz\u00f3 que su cr\u00edtica no es personal, sino que se dirige al pa\u00eds en su conjunto. Manifest\u00f3 que no se puede reivindicar el golpe de Estado, declarando que la defensa de la historia de Chile y el legado del presidente Allende son cruciales. Este rechazo es especialmente importante cuando se confronta el tema de la Memoria Democr\u00e1tica Chile.<\/p>\n<p>Adem\u00e1s, la exministra calific\u00f3 las palabras del mandatario trasandino como \u201cen extremo graves\u201d, particularmente porque elogiaron el derrocamiento de un presidente elegido democr\u00e1ticamente. Seg\u00fan Fern\u00e1ndez, esta lectura normaliza la ruptura institucional y el golpe de Estado, algo que ning\u00fan pa\u00eds que valore los derechos humanos deber\u00eda tolerar.<\/p>\n<p>La gravedad de las afirmaciones de Javier Milei se acent\u00faa por el momento, a pocos d\u00edas de la conmemoraci\u00f3n del 11 de septiembre, fecha que marca el inicio de una dictadura responsable de violaciones a los derechos humanos, torturas, asesinatos y desapariciones forzadas.<\/p>\n<p>En conclusi\u00f3n, Maya Fern\u00e1ndez se\u00f1al\u00f3 que las declaraciones de Milei evidencian una preocupante indolencia hacia las v\u00edctimas y sus familias, constituyendo una profunda falta de respeto por la historia y la memoria democr\u00e1tica de Chile.<\/p>\n","protected":false},"excerpt":{"rendered":"<p>La exministra de Defensa de Chile, Maya Fern\u00e1ndez, arremeti\u00f3 con fuerza contra los dichos del presidente argentino, Javier Milei, durante el Foro Madrid, se\u00f1alando una \u201cfalta de humanidad\u201d en sus declaraciones. El conflicto gira en torno a c\u00f3mo Milei cuestion\u00f3 la gesti\u00f3n del expresidente Salvador Allende, refiri\u00e9ndose a \u00e9l como comunista, y aludi\u00f3 a que [&hellip;]<\/p>\n","protected":false},"author":2,"featured_media":29703,"comment_status":"closed","ping_status":"open","sticky":false,"template":"","format":"standard","meta":{"_jetpack_newsletter_access":"","_jetpack_dont_email_post_to_subs":false,"_jetpack_newsletter_tier_id":0,"_jetpack_memberships_contains_paywalled_content":false,"_jetpack_feature_clip_id":0,"_jetpack_memberships_contains_paid_content":false,"jnews-multi-image_gallery":[],"jnews_single_post":[],"jnews_primary_category":[],"jnews_social_meta":[],"jnews_paywall_metabox":[],"jnews_review":[],"enable_review":"","type":"","name":"","summary":"","brand":"","sku":"","good":[],"bad":[],"score_override":"","override_value":"","rating":[],"price":[],"jnews_override_counter":[],"jnews_post_split":[],"footnotes":"","jetpack_post_was_ever_published":false},"categories":[21],"tags":[],"class_list":["post-29704","post","type-post","status-publish","format-standard","has-post-thumbnail","hentry","category-nacional"],"jetpack_sharing_enabled":true,"jetpack_featured_media_url":"https:\/\/laserenaradio.cl\/web\/wp-content\/uploads\/2026\/09\/mediapiaiextstaticimg_webpcustom_ead5dc4a.webp","_links":{"self":[{"href":"https:\/\/laserenaradio.cl\/web\/wp-json\/wp\/v2\/posts\/29704","targetHints":{"allow":["GET"]}}],"collection":[{"href":"https:\/\/laserenaradio.cl\/web\/wp-json\/wp\/v2\/posts"}],"about":[{"href":"https:\/\/laserenaradio.cl\/web\/wp-json\/wp\/v2\/types\/post"}],"author":[{"embeddable":true,"href":"https:\/\/laserenaradio.cl\/web\/wp-json\/wp\/v2\/users\/2"}],"replies":[{"embeddable":true,"href":"https:\/\/laserenaradio.cl\/web\/wp-json\/wp\/v2\/comments?post=29704"}],"version-history":[{"count":1,"href":"https:\/\/laserenaradio.cl\/web\/wp-json\/wp\/v2\/posts\/29704\/revisions"}],"predecessor-version":[{"id":29705,"href":"https:\/\/laserenaradio.cl\/web\/wp-json\/wp\/v2\/posts\/29704\/revisions\/29705"}],"wp:featuredmedia":[{"embeddable":true,"href":"https:\/\/laserenaradio.cl\/web\/wp-json\/wp\/v2\/media\/29703"}],"wp:attachment":[{"href":"https:\/\/laserenaradio.cl\/web\/wp-json\/wp\/v2\/media?parent=29704"}],"wp:term":[{"taxonomy":"category","embeddable":true,"href":"https:\/\/laserenaradio.cl\/web\/wp-json\/wp\/v2\/categories?post=29704"},{"taxonomy":"post_tag","embeddable":true,"href":"https:\/\/laserenaradio.cl\/web\/wp-json\/wp\/v2\/tags?post=29704"}],"curies":[{"name":"wp","href":"https:\/\/api.w.org\/{rel}","templated":true}]}}