{"id":29701,"date":"2026-09-04T19:57:04","date_gmt":"2026-09-04T22:57:04","guid":{"rendered":"https:\/\/laserenaradio.cl\/web\/?p=29701"},"modified":"2026-09-04T19:57:04","modified_gmt":"2026-09-04T22:57:04","slug":"vozinha-debutara-como-estelar-en-colo-colo-contra-huachipato","status":"publish","type":"post","link":"https:\/\/laserenaradio.cl\/web\/2026\/09\/04\/vozinha-debutara-como-estelar-en-colo-colo-contra-huachipato\/","title":{"rendered":"Vozinha debutar\u00e1 como estelar en Colo Colo contra Huachipato"},"content":{"rendered":"<p>El portero de Cabo Verde, Vozinha, est\u00e1 listo para su primer partido como estelar en la Liga de Primera, enfrentando a Huachipato este domingo. Esta gran oportunidad marca el esperado debut en Colo Colo para el guardameta de 40 a\u00f1os. Vozinha debutar\u00e1 oficialmente en la Liga de Primera, un encuentro crucial para que los albos se acerquen a la anhelada estrella 35. Este reconocido guardameta internacional, quien tambi\u00e9n fue parte del Mundial 2026, recibi\u00f3 el visto bueno de Fernando Ortiz, quien reemplazar\u00e1 a Gabriel Maureira en el arco del Popular.<\/p>\n<p>Fernando Ortiz recalc\u00f3 que ya anunci\u00f3 este viernes la titularidad del portero ante los acereros. Con esta decisi\u00f3n, Vozinha tendr\u00e1 su segunda participaci\u00f3n en Colo Colo desde que se uni\u00f3 a mitad de a\u00f1o. El golero ya sum\u00f3 minutos importantes ante Uni\u00f3n Espa\u00f1ola, donde el Cacique super\u00f3 por 3-0 a los hispanos y mantuvo su arco intacto. Este rendimiento refuerza su val\u00eda en el plantel del Colo Colo.<\/p>\n<p>La reciente titularidad fue tambi\u00e9n enfatizada por Leonardo V\u00e9lez, un hist\u00f3rico de Colo Colo. El multicampe\u00f3n convers\u00f3 sobre el debut del guardameta de Cabo Verde. V\u00e9lez subray\u00f3 la importancia de que los aficionados observen de cerca lo que Vozinha realiza dentro de la cancha en la Liga de Primera.<\/p>\n<p>El apodo Vozinha es un homenaje a sus abuelos, quienes en Cabo Verde significan abuelita. Aunque su nombre es Josimar Jos\u00e9 \u00c9vora Dias, el deportista llev\u00f3 el apodo con orgullo. Este domingo, el portero de Cabo Verde podr\u00e1 llevar su nombre en la camiseta mientras juega ante Huachipato en el Estadio Ester Roa Rebolledo, consolidando su regreso y su impacto en el f\u00fatbol chileno.<\/p>\n","protected":false},"excerpt":{"rendered":"<p>El portero de Cabo Verde, Vozinha, est\u00e1 listo para su primer partido como estelar en la Liga de Primera, enfrentando a Huachipato este domingo. Esta gran oportunidad marca el esperado debut en Colo Colo para el guardameta de 40 a\u00f1os. Vozinha debutar\u00e1 oficialmente en la Liga de Primera, un encuentro crucial para que los albos [&hellip;]<\/p>\n","protected":false},"author":2,"featured_media":29700,"comment_status":"closed","ping_status":"open","sticky":false,"template":"","format":"standard","meta":{"_jetpack_newsletter_access":"","_jetpack_dont_email_post_to_subs":false,"_jetpack_newsletter_tier_id":0,"_jetpack_memberships_contains_paywalled_content":false,"_jetpack_feature_clip_id":0,"_jetpack_memberships_contains_paid_content":false,"jnews-multi-image_gallery":[],"jnews_single_post":[],"jnews_primary_category":[],"jnews_social_meta":[],"jnews_paywall_metabox":[],"jnews_review":[],"enable_review":"","type":"","name":"","summary":"","brand":"","sku":"","good":[],"bad":[],"score_override":"","override_value":"","rating":[],"price":[],"jnews_override_counter":[],"jnews_post_split":[],"footnotes":"","jetpack_post_was_ever_published":false},"categories":[21],"tags":[],"class_list":["post-29701","post","type-post","status-publish","format-standard","has-post-thumbnail","hentry","category-nacional"],"jetpack_sharing_enabled":true,"jetpack_featured_media_url":"https:\/\/laserenaradio.cl\/web\/wp-content\/uploads\/2026\/09\/mediapiaiextstaticimg_webpCaboVerdeFernandoOrtizGabrielMaureiraUnionEspanolaLeonardoVelezJosimarJose_source.webp","_links":{"self":[{"href":"https:\/\/laserenaradio.cl\/web\/wp-json\/wp\/v2\/posts\/29701","targetHints":{"allow":["GET"]}}],"collection":[{"href":"https:\/\/laserenaradio.cl\/web\/wp-json\/wp\/v2\/posts"}],"about":[{"href":"https:\/\/laserenaradio.cl\/web\/wp-json\/wp\/v2\/types\/post"}],"author":[{"embeddable":true,"href":"https:\/\/laserenaradio.cl\/web\/wp-json\/wp\/v2\/users\/2"}],"replies":[{"embeddable":true,"href":"https:\/\/laserenaradio.cl\/web\/wp-json\/wp\/v2\/comments?post=29701"}],"version-history":[{"count":1,"href":"https:\/\/laserenaradio.cl\/web\/wp-json\/wp\/v2\/posts\/29701\/revisions"}],"predecessor-version":[{"id":29702,"href":"https:\/\/laserenaradio.cl\/web\/wp-json\/wp\/v2\/posts\/29701\/revisions\/29702"}],"wp:featuredmedia":[{"embeddable":true,"href":"https:\/\/laserenaradio.cl\/web\/wp-json\/wp\/v2\/media\/29700"}],"wp:attachment":[{"href":"https:\/\/laserenaradio.cl\/web\/wp-json\/wp\/v2\/media?parent=29701"}],"wp:term":[{"taxonomy":"category","embeddable":true,"href":"https:\/\/laserenaradio.cl\/web\/wp-json\/wp\/v2\/categories?post=29701"},{"taxonomy":"post_tag","embeddable":true,"href":"https:\/\/laserenaradio.cl\/web\/wp-json\/wp\/v2\/tags?post=29701"}],"curies":[{"name":"wp","href":"https:\/\/api.w.org\/{rel}","templated":true}]}}