{"id":29698,"date":"2026-09-04T19:49:17","date_gmt":"2026-09-04T22:49:17","guid":{"rendered":"https:\/\/laserenaradio.cl\/web\/?p=29698"},"modified":"2026-09-04T19:49:17","modified_gmt":"2026-09-04T22:49:17","slug":"comienzan-coordinaciones-de-seguridad-para-duelo-entre-club-deportes-la-serena-y-universidad-de-chile","status":"publish","type":"post","link":"https:\/\/laserenaradio.cl\/web\/2026\/09\/04\/comienzan-coordinaciones-de-seguridad-para-duelo-entre-club-deportes-la-serena-y-universidad-de-chile\/","title":{"rendered":"Comienzan coordinaciones de seguridad para duelo entre Club Deportes La Serena y Universidad de Chile"},"content":{"rendered":"<p>El Delegado Presidencial Regional, V\u00edctor Pino, inform\u00f3 que \u201cse han realizado algunas observaciones que deben ser respondidas a la brevedad para poder autorizar este partido lo m\u00e1s pronto posible\u201d.<\/p>\n<p>A diez d\u00edas del partido entre Deportes La Serena y La Universidad de Chile, en el Estadio La Portada, el Gobierno ya comienza a fortalecer las medidas de seguridad.<\/p>\n<p>Si bien el duelo se realizar\u00e1 el pr\u00f3ximo domingo 13 de septiembre, una comitiva de autoridades, encabezada por el Delegado Presidencial regional V\u00edctor Pino, realiz\u00f3 una visita al recinto serenense para revisar las condiciones del sitio y definir las acciones de resguardo.<\/p>\n<p>El Delegado Pino, explic\u00f3 que \u201cnos interesa definir los mayores resguardos posibles para el p\u00fablico tanto de local como el p\u00fablico visitante y as\u00ed tambi\u00e9n a todas las personas que rodean el estadio. Es fundamental que podamos hacerlo con tiempo como lo estamos haciendo ahora m\u00e1s de una semana de que este partido se lleve a cabo, por lo tanto vamos a seguir en coordinaci\u00f3n permanente con Carabineros y con el club, a los que se le han realizado algunas observaciones las cuales deben ser respondidas a la brevedad para autorizar este partido lo m\u00e1s pronto posible\u201d.<\/p>\n<p>La visita la realiz\u00f3 la autoridad, junto a personal de Carabineros, funcionarios municipales y representantes de Club Deportes La Serena.<\/p>\n<p>Para Carabineros, \u201cprincipalmente lo que observamos son mejoras en las c\u00e1maras de vigilancia, tambi\u00e9n algunas limpiezas en el per\u00edmetro. Todo esto va de la mano con generar las condiciones de seguridad al interior del estadio tal con la \u00fanica finalidad de que aquellos que vengan a ver el espect\u00e1culo deportivo lo hagan de forma segura. Tambi\u00e9n vamos a generar los controles de ingreso, todo esto con mucha anticipaci\u00f3n y con la colaboraci\u00f3n del club local\u201d.<\/p>\n<p>Mientras que Milko Legu\u00e1s, Presidente de Club Deportes La Serena, expres\u00f3 que \u201chay que resguardar muchas cosas y lo m\u00e1s importante es la seguridad y con la visita que hicimos con el Delegado y con Carabineros tenemos que hacer alguno unas limpiezas y reforzamiento de c\u00e1maras. Vamos a trabajar fuertemente y con anticipaci\u00f3n (\u2026) nuestro directorio se ha preocupado de la seguridad de los hinchas que est\u00e1n dentro y tambi\u00e9n de quienes est\u00e1n afuera\u201d.<\/p>\n","protected":false},"excerpt":{"rendered":"<p>El Delegado Presidencial Regional, V\u00edctor Pino, inform\u00f3 que \u201cse han realizado algunas observaciones que deben ser respondidas a la brevedad para poder autorizar este partido lo m\u00e1s pronto posible\u201d. A diez d\u00edas del partido entre Deportes La Serena y La Universidad de Chile, en el Estadio La Portada, el Gobierno ya comienza a fortalecer las [&hellip;]<\/p>\n","protected":false},"author":2,"featured_media":29697,"comment_status":"closed","ping_status":"open","sticky":false,"template":"","format":"standard","meta":{"_jetpack_newsletter_access":"","_jetpack_dont_email_post_to_subs":false,"_jetpack_newsletter_tier_id":0,"_jetpack_memberships_contains_paywalled_content":false,"_jetpack_feature_clip_id":0,"_jetpack_memberships_contains_paid_content":false,"jnews-multi-image_gallery":[],"jnews_single_post":[],"jnews_primary_category":[],"jnews_social_meta":[],"jnews_paywall_metabox":[],"jnews_review":[],"enable_review":"","type":"","name":"","summary":"","brand":"","sku":"","good":[],"bad":[],"score_override":"","override_value":"","rating":[],"price":[],"jnews_override_counter":[],"jnews_post_split":[],"footnotes":"","jetpack_post_was_ever_published":false},"categories":[21],"tags":[],"class_list":["post-29698","post","type-post","status-publish","format-standard","has-post-thumbnail","hentry","category-nacional"],"jetpack_sharing_enabled":true,"jetpack_featured_media_url":"https:\/\/laserenaradio.cl\/web\/wp-content\/uploads\/2026\/09\/mediapiaiextstaticimg_webpClubDeportesDelegadoPresidencialVictorPinoMilkoLeguasseguridadSerena_source.webp","_links":{"self":[{"href":"https:\/\/laserenaradio.cl\/web\/wp-json\/wp\/v2\/posts\/29698","targetHints":{"allow":["GET"]}}],"collection":[{"href":"https:\/\/laserenaradio.cl\/web\/wp-json\/wp\/v2\/posts"}],"about":[{"href":"https:\/\/laserenaradio.cl\/web\/wp-json\/wp\/v2\/types\/post"}],"author":[{"embeddable":true,"href":"https:\/\/laserenaradio.cl\/web\/wp-json\/wp\/v2\/users\/2"}],"replies":[{"embeddable":true,"href":"https:\/\/laserenaradio.cl\/web\/wp-json\/wp\/v2\/comments?post=29698"}],"version-history":[{"count":1,"href":"https:\/\/laserenaradio.cl\/web\/wp-json\/wp\/v2\/posts\/29698\/revisions"}],"predecessor-version":[{"id":29699,"href":"https:\/\/laserenaradio.cl\/web\/wp-json\/wp\/v2\/posts\/29698\/revisions\/29699"}],"wp:featuredmedia":[{"embeddable":true,"href":"https:\/\/laserenaradio.cl\/web\/wp-json\/wp\/v2\/media\/29697"}],"wp:attachment":[{"href":"https:\/\/laserenaradio.cl\/web\/wp-json\/wp\/v2\/media?parent=29698"}],"wp:term":[{"taxonomy":"category","embeddable":true,"href":"https:\/\/laserenaradio.cl\/web\/wp-json\/wp\/v2\/categories?post=29698"},{"taxonomy":"post_tag","embeddable":true,"href":"https:\/\/laserenaradio.cl\/web\/wp-json\/wp\/v2\/tags?post=29698"}],"curies":[{"name":"wp","href":"https:\/\/api.w.org\/{rel}","templated":true}]}}