{"id":29695,"date":"2026-09-04T17:46:14","date_gmt":"2026-09-04T20:46:14","guid":{"rendered":"https:\/\/laserenaradio.cl\/web\/?p=29695"},"modified":"2026-09-04T17:46:14","modified_gmt":"2026-09-04T20:46:14","slug":"amago-de-incendio-en-camara-hiperbarica-activa-protocolo-de-emergencia-en-centro-asistencial","status":"publish","type":"post","link":"https:\/\/laserenaradio.cl\/web\/2026\/09\/04\/amago-de-incendio-en-camara-hiperbarica-activa-protocolo-de-emergencia-en-centro-asistencial\/","title":{"rendered":"Amago de incendio en C\u00e1mara Hiperb\u00e1rica activa protocolo de emergencia en centro asistencial."},"content":{"rendered":"<p>Un amago de incendio se registr\u00f3 en la sala de compresores de la C\u00e1mara Hiperb\u00e1rica, una emergencia en un recinto asistencial que activ\u00f3 inmediatamente un protocolo de seguridad preventiva en el establecimiento.<\/p>\n<p>El foco de incendio, que fue detectado en una etapa inicial, fue controlado eficazmente por personal del hospital. La emergencia qued\u00f3 contenida, minimizando el riesgo y evitando la necesidad de evacuar la totalidad de la instalaci\u00f3n.<\/p>\n<p>Como parte del protocolo institucional de gesti\u00f3n de riesgos, se llev\u00f3 a cabo una evacuaci\u00f3n preventiva focalizada \u00fanicamente en el sector de la C\u00e1mara Hiperb\u00e1rica mientras el personal de respuesta trabajaba para controlar la situaci\u00f3n. Adem\u00e1s, se solicit\u00f3 la presencia de <a href=\"https:\/\/www.bomberos.cl\/\">Bomberos<\/a> para realizar una inspecci\u00f3n completa del lugar, verificando las condiciones de seguridad y determinando las causas de este incidente.<\/p>\n<p>Tras el amago de incendio, un funcionario result\u00f3 afectado y fue trasladado hasta la Asociaci\u00f3n Chilena de Seguridad (ACHS) para una evaluaci\u00f3n m\u00e9dica. Se confirm\u00f3 que el trabajador se encuentra en buen estado de salud y se mantiene autovalente.<\/p>\n<p>Actualmente, el equipo contin\u00faa con la inspecci\u00f3n del recinto asistencial. Este procedimiento es crucial para establecer el origen exacto del amago de incendio y descartar cualquier potencial condici\u00f3n de riesgo que pudiera afectar la seguridad general del hospital.<\/p>\n","protected":false},"excerpt":{"rendered":"<p>Un amago de incendio se registr\u00f3 en la sala de compresores de la C\u00e1mara Hiperb\u00e1rica, una emergencia en un recinto asistencial que activ\u00f3 inmediatamente un protocolo de seguridad preventiva en el establecimiento. El foco de incendio, que fue detectado en una etapa inicial, fue controlado eficazmente por personal del hospital. La emergencia qued\u00f3 contenida, minimizando [&hellip;]<\/p>\n","protected":false},"author":2,"featured_media":29694,"comment_status":"closed","ping_status":"open","sticky":false,"template":"","format":"standard","meta":{"_jetpack_newsletter_access":"","_jetpack_dont_email_post_to_subs":false,"_jetpack_newsletter_tier_id":0,"_jetpack_memberships_contains_paywalled_content":false,"_jetpack_feature_clip_id":0,"_jetpack_memberships_contains_paid_content":false,"jnews-multi-image_gallery":[],"jnews_single_post":[],"jnews_primary_category":[],"jnews_social_meta":[],"jnews_paywall_metabox":[],"jnews_review":[],"enable_review":"","type":"","name":"","summary":"","brand":"","sku":"","good":[],"bad":[],"score_override":"","override_value":"","rating":[],"price":[],"jnews_override_counter":[],"jnews_post_split":[],"footnotes":"","jetpack_post_was_ever_published":false},"categories":[84],"tags":[],"class_list":["post-29695","post","type-post","status-publish","format-standard","has-post-thumbnail","hentry","category-deportes"],"jetpack_sharing_enabled":true,"jetpack_featured_media_url":"https:\/\/laserenaradio.cl\/web\/wp-content\/uploads\/2026\/09\/mediapiaiextstaticimg_webpcustom_e46c4352.webp","_links":{"self":[{"href":"https:\/\/laserenaradio.cl\/web\/wp-json\/wp\/v2\/posts\/29695","targetHints":{"allow":["GET"]}}],"collection":[{"href":"https:\/\/laserenaradio.cl\/web\/wp-json\/wp\/v2\/posts"}],"about":[{"href":"https:\/\/laserenaradio.cl\/web\/wp-json\/wp\/v2\/types\/post"}],"author":[{"embeddable":true,"href":"https:\/\/laserenaradio.cl\/web\/wp-json\/wp\/v2\/users\/2"}],"replies":[{"embeddable":true,"href":"https:\/\/laserenaradio.cl\/web\/wp-json\/wp\/v2\/comments?post=29695"}],"version-history":[{"count":1,"href":"https:\/\/laserenaradio.cl\/web\/wp-json\/wp\/v2\/posts\/29695\/revisions"}],"predecessor-version":[{"id":29696,"href":"https:\/\/laserenaradio.cl\/web\/wp-json\/wp\/v2\/posts\/29695\/revisions\/29696"}],"wp:featuredmedia":[{"embeddable":true,"href":"https:\/\/laserenaradio.cl\/web\/wp-json\/wp\/v2\/media\/29694"}],"wp:attachment":[{"href":"https:\/\/laserenaradio.cl\/web\/wp-json\/wp\/v2\/media?parent=29695"}],"wp:term":[{"taxonomy":"category","embeddable":true,"href":"https:\/\/laserenaradio.cl\/web\/wp-json\/wp\/v2\/categories?post=29695"},{"taxonomy":"post_tag","embeddable":true,"href":"https:\/\/laserenaradio.cl\/web\/wp-json\/wp\/v2\/tags?post=29695"}],"curies":[{"name":"wp","href":"https:\/\/api.w.org\/{rel}","templated":true}]}}