{"id":29692,"date":"2026-09-03T19:59:22","date_gmt":"2026-09-03T22:59:22","guid":{"rendered":"https:\/\/laserenaradio.cl\/web\/?p=29692"},"modified":"2026-09-03T19:59:22","modified_gmt":"2026-09-03T22:59:22","slug":"region-de-coquimbo-realiza-primera-mesa-por-el-empleo-con-meta-de-generar-2-200-nuevos-puestos-de-trabajo","status":"publish","type":"post","link":"https:\/\/laserenaradio.cl\/web\/2026\/09\/03\/region-de-coquimbo-realiza-primera-mesa-por-el-empleo-con-meta-de-generar-2-200-nuevos-puestos-de-trabajo\/","title":{"rendered":"Regi\u00f3n de Coquimbo realiza primera Mesa Por el Empleo con meta de generar 2.200 nuevos puestos de trabajo"},"content":{"rendered":"<p>La instancia, liderada por el delegado presidencial regional V\u00edctor Pino, reuni\u00f3 a autoridades y servicios p\u00fablicos para coordinar acciones que permitan impulsar la inversi\u00f3n, fortalecer la actividad productiva y generar nuevas oportunidades laborales en la regi\u00f3n.<\/p>\n<p>Con el desaf\u00edo de generar 2.200 nuevos puestos de trabajo en la Regi\u00f3n de Coquimbo, se realiz\u00f3 la primera Mesa Regional Por el Empleo, liderada por el delegado presidencial regional, V\u00edctor Pino, y que cont\u00f3 con la participaci\u00f3n de SUBDERE, las seremis de Trabajo, Econom\u00eda y Mujer, entre otras autoridades y representantes de servicios p\u00fablicos vinculados al desarrollo productivo y el empleo.<\/p>\n<p>La instancia forma parte del Plan Nacional de Empleo 2026, que busca generar 50 mil nuevos puestos de trabajo en todo Chile, articulando inversi\u00f3n p\u00fablica, fomento productivo y el trabajo de los gobiernos regionales y locales. En Coquimbo, la estrategia pondr\u00e1 especial atenci\u00f3n en sectores relevantes para la econom\u00eda regional, como la agricultura, pesca, turismo, construcci\u00f3n y miner\u00eda.<\/p>\n<p>Durante la primera sesi\u00f3n se abordaron las oportunidades de inversi\u00f3n p\u00fablica y privada, las necesidades del mercado laboral y las acciones que pueden contribuir a acelerar proyectos y generar nuevas fuentes de trabajo.<\/p>\n<p>En la oportunidad, el delegado presidencial regional de Coquimbo, V\u00edctor Pino, se\u00f1al\u00f3: \u201cLa Regi\u00f3n de Coquimbo hoy est\u00e1 con un indicador del 9,5% de desempleo, lo cual nos tiene bastante preocupados. Por eso estamos activando nuevamente la Mesa Por el Empleo, una iniciativa de nuestro Gobierno que busca que m\u00e1s personas puedan tener un trabajo formal y ayudar a sus familias. Es fundamental el trabajo colaborativo que estamos desarrollando, sumando a autoridades regionales y comunales, gremios y sectores productivos, para que juntos, desde lo p\u00fablico y lo privado, podamos bajar este indicador y lograr que las familias de la Regi\u00f3n de Coquimbo est\u00e9n mejor que ayer\u201d.<\/p>\n<p>Por su parte, el jefe de la Unidad Regional SUBDERE Coquimbo, Leonardo Alfaro, se refiri\u00f3 al rol que tendr\u00e1 la instituci\u00f3n en esta tarea, principalmente a trav\u00e9s de programas como el Programa de Mejoramiento Urbano (PMU) y el Programa de Mejoramiento de Barrios (PMB), que permiten financiar iniciativas municipales y generar actividad econ\u00f3mica y empleo en las comunas.<\/p>\n<p>\u201cLa meta presidencial en todo el pa\u00eds son 50 mil nuevos empleos en cuatro meses; en la Regi\u00f3n de Coquimbo son 2.200. Pudimos determinar con las carteras ministeriales que hoy estaban en la mesa, que podr\u00edamos acercarnos a la meta regional con proyectos de inversi\u00f3n p\u00fablica, pero queremos ir m\u00e1s all\u00e1 e incorporar a la miner\u00eda, la construcci\u00f3n, la agricultura, el turismo y al sector privado, que es muy relevante para que tambi\u00e9n colaboren con nuevos empleos. Hoy SUBDERE tiene m\u00e1s de $10 mil millones transferidos a los municipios de la regi\u00f3n. Tenemos que acelerar la preparaci\u00f3n de bases, licitar y comenzar la ejecuci\u00f3n de proyectos y que estos puedan tambi\u00e9n generar m\u00e1s empleos para la Regi\u00f3n de Coquimbo\u201d, indic\u00f3 el jefe de la Unidad Regional SUBDERE.<\/p>\n<p>Desde el \u00e1mbito productivo, la mesa tambi\u00e9n contempla el fortalecimiento de las micro, peque\u00f1as y medianas empresas y la articulaci\u00f3n de instrumentos de fomento que permitan impulsar nuevas inversiones y contrataciones. Al respecto, el seremi de Econom\u00eda, Fomento y Turismo, Mart\u00edn Argaluza, sostuvo:<\/p>\n<p>\u201cEs muy importante activar la Mesa Por el Empleo. Estamos con un nivel de desempleo alto, preocupante, de un 9,5%, que se suma a los efectos del temporal y al poco crecimiento que ten\u00eda la econom\u00eda antes de los temporales. La meta nuestra en la regi\u00f3n a diciembre es llegar a 2.200 empleos y creemos que podemos lograrlo. Pudimos ver en esta mesa que hay inversi\u00f3n importante del MOP, de Sercotec, de Corfo, del mundo agr\u00edcola y de la miner\u00eda, por lo tanto, creemos que s\u00ed es abordable. Lo importante es llevar los KPI adecuados para lograr esta meta, en beneficio y el desarrollo de nuestra regi\u00f3n\u201d.<\/p>\n<p>Finalmente, uno de los desaf\u00edos ser\u00e1 vincular las oportunidades laborales que se generen con las personas que buscan empleo, identificando los perfiles que requieren los distintos sectores y coordinando herramientas de capacitaci\u00f3n e intermediaci\u00f3n laboral. Sobre este punto, la seremi del Trabajo y Previsi\u00f3n Social, Andrea Barrera, se\u00f1al\u00f3:<\/p>\n<p>\u201cLa idea es que en esta mesa podamos ir conversando con el sector p\u00fablico, que luego se sume el sector privado, incluso los alcaldes, para que podamos llegar a acuerdos de c\u00f3mo agilizar muchos de los proyectos que hoy d\u00eda est\u00e1n disponibles en carpeta, pero que necesitan mayor rapidez para generar en el corto plazo mayor empleo. Como Gobierno hemos activado el subsidio a la contrataci\u00f3n, una iniciativa para fomentar el empleo formal. Tenemos 1.117 cupos en nuestra regi\u00f3n, de los cuales ya llevamos cerca de 800 postulaciones\u201d.<\/p>\n<p>Tras esta primera sesi\u00f3n, la mesa continuar\u00e1 trabajando en la identificaci\u00f3n y seguimiento de iniciativas con potencial para generar empleo y en la coordinaci\u00f3n entre los distintos actores involucrados.<\/p>\n<p>De esta manera, la Regi\u00f3n de Coquimbo aporta desde el territorio a la meta nacional de 50 mil nuevos empleos, articulando inversi\u00f3n, desarrollo productivo y oportunidades laborales para las personas.<\/p>\n","protected":false},"excerpt":{"rendered":"<p>La instancia, liderada por el delegado presidencial regional V\u00edctor Pino, reuni\u00f3 a autoridades y servicios p\u00fablicos para coordinar acciones que permitan impulsar la inversi\u00f3n, fortalecer la actividad productiva y generar nuevas oportunidades laborales en la regi\u00f3n. Con el desaf\u00edo de generar 2.200 nuevos puestos de trabajo en la Regi\u00f3n de Coquimbo, se realiz\u00f3 la primera [&hellip;]<\/p>\n","protected":false},"author":2,"featured_media":29691,"comment_status":"closed","ping_status":"open","sticky":false,"template":"","format":"standard","meta":{"_jetpack_newsletter_access":"","_jetpack_dont_email_post_to_subs":false,"_jetpack_newsletter_tier_id":0,"_jetpack_memberships_contains_paywalled_content":false,"_jetpack_feature_clip_id":0,"_jetpack_memberships_contains_paid_content":false,"jnews-multi-image_gallery":[],"jnews_single_post":[],"jnews_primary_category":[],"jnews_social_meta":[],"jnews_paywall_metabox":[],"jnews_review":[],"enable_review":"","type":"","name":"","summary":"","brand":"","sku":"","good":[],"bad":[],"score_override":"","override_value":"","rating":[],"price":[],"jnews_override_counter":[],"jnews_post_split":[],"footnotes":"","jetpack_post_was_ever_published":false},"categories":[84],"tags":[],"class_list":["post-29692","post","type-post","status-publish","format-standard","has-post-thumbnail","hentry","category-deportes"],"jetpack_sharing_enabled":true,"jetpack_featured_media_url":"https:\/\/laserenaradio.cl\/web\/wp-content\/uploads\/2026\/09\/mediapiaiextstaticimg_webpVictorPinoUnidadRegionalPlanNacionalLeonardoAlfaroMejoramientoUrbanoMartinArgaluza_source.webp","_links":{"self":[{"href":"https:\/\/laserenaradio.cl\/web\/wp-json\/wp\/v2\/posts\/29692","targetHints":{"allow":["GET"]}}],"collection":[{"href":"https:\/\/laserenaradio.cl\/web\/wp-json\/wp\/v2\/posts"}],"about":[{"href":"https:\/\/laserenaradio.cl\/web\/wp-json\/wp\/v2\/types\/post"}],"author":[{"embeddable":true,"href":"https:\/\/laserenaradio.cl\/web\/wp-json\/wp\/v2\/users\/2"}],"replies":[{"embeddable":true,"href":"https:\/\/laserenaradio.cl\/web\/wp-json\/wp\/v2\/comments?post=29692"}],"version-history":[{"count":1,"href":"https:\/\/laserenaradio.cl\/web\/wp-json\/wp\/v2\/posts\/29692\/revisions"}],"predecessor-version":[{"id":29693,"href":"https:\/\/laserenaradio.cl\/web\/wp-json\/wp\/v2\/posts\/29692\/revisions\/29693"}],"wp:featuredmedia":[{"embeddable":true,"href":"https:\/\/laserenaradio.cl\/web\/wp-json\/wp\/v2\/media\/29691"}],"wp:attachment":[{"href":"https:\/\/laserenaradio.cl\/web\/wp-json\/wp\/v2\/media?parent=29692"}],"wp:term":[{"taxonomy":"category","embeddable":true,"href":"https:\/\/laserenaradio.cl\/web\/wp-json\/wp\/v2\/categories?post=29692"},{"taxonomy":"post_tag","embeddable":true,"href":"https:\/\/laserenaradio.cl\/web\/wp-json\/wp\/v2\/tags?post=29692"}],"curies":[{"name":"wp","href":"https:\/\/api.w.org\/{rel}","templated":true}]}}