{"id":29689,"date":"2026-09-03T19:51:54","date_gmt":"2026-09-03T22:51:54","guid":{"rendered":"https:\/\/laserenaradio.cl\/web\/?p=29689"},"modified":"2026-09-03T19:51:54","modified_gmt":"2026-09-03T22:51:54","slug":"legisladores-chilenos-exigen-a-kast-desmarcarse-de-ataques-de-milei-a-izquierda-y-oposicion","status":"publish","type":"post","link":"https:\/\/laserenaradio.cl\/web\/2026\/09\/03\/legisladores-chilenos-exigen-a-kast-desmarcarse-de-ataques-de-milei-a-izquierda-y-oposicion\/","title":{"rendered":"Legisladores chilenos exigen a Kast desmarcarse de ataques de Milei a izquierda y oposici\u00f3n."},"content":{"rendered":"<p>Tras el discurso de Javier Milei en el Foro de Madrid, en el que el presidente argentino arremeti\u00f3 contra figuras hist\u00f3ricas como Salvador Allende y el espectro de la izquierda, asegurando que \u201cel mejor ant\u00eddoto contra estos zurdos mugrosos negadores de la realidad son los datos\u201d, la reacci\u00f3n desde la oposici\u00f3n pol\u00edtica chilena fue inmediata. Legisladores emitieron cr\u00edticas, particularmente al diputado Marcos Ilabaca, quien consider\u00f3 que la situaci\u00f3n afectaba el marco de las relaciones diplom\u00e1ticas Chile Argentina y que el discurso de Milei representaba un ataque ofensivo.<\/p>\n<p>Ilabaca enfatiz\u00f3 que la convivencia en Chile es rica y armoniosa, se\u00f1alando que el pa\u00eds se construye con aportes de izquierda y derecha, y critic\u00f3 la incapacidad del gobierno actual para pronunciarse ante un presidente extranjero que, seg\u00fan su visi\u00f3n, falt\u00f3 al respeto a un porcentaje significativo de chilenos. El diputado inst\u00f3 a que la preocupaci\u00f3n de Milei se centrara en los problemas de Argentina, y no en ofender a conciudadanos chilenos de derecha, denunciando que esta postura alimentaba una forma de pol\u00edtica de extrema derecha con resonancia internacional.<\/p>\n<p>En l\u00ednea con esta postura, otro vocero de la oposici\u00f3n, Ignacio Achurra, reforz\u00f3 el llamado, advirtiendo sobre la aceptaci\u00f3n de que un jefe de Estado extranjero critique a los adversarios pol\u00edticos en territorio chileno. Achurra hizo un llamado directo para que Jos\u00e9 Antonio Kast se desmarcara de dichos comentarios, ya que su silencio podr\u00eda ser interpretado como un respaldo a esta estrategia de polarizaci\u00f3n pol\u00edtica.<\/p>\n<p>Estas declaraciones subrayan una tensi\u00f3n en la opini\u00f3n p\u00fablica chilena sobre el impacto de los discursos pol\u00edticos internacionales y la necesidad de reafirmar la estabilidad de las relaciones diplom\u00e1ticas Chile Argentina frente a las acusaciones de polarizaci\u00f3n pol\u00edtica.<\/p>\n","protected":false},"excerpt":{"rendered":"<p>Tras el discurso de Javier Milei en el Foro de Madrid, en el que el presidente argentino arremeti\u00f3 contra figuras hist\u00f3ricas como Salvador Allende y el espectro de la izquierda, asegurando que \u201cel mejor ant\u00eddoto contra estos zurdos mugrosos negadores de la realidad son los datos\u201d, la reacci\u00f3n desde la oposici\u00f3n pol\u00edtica chilena fue inmediata. [&hellip;]<\/p>\n","protected":false},"author":2,"featured_media":29688,"comment_status":"closed","ping_status":"open","sticky":false,"template":"","format":"standard","meta":{"_jetpack_newsletter_access":"","_jetpack_dont_email_post_to_subs":false,"_jetpack_newsletter_tier_id":0,"_jetpack_memberships_contains_paywalled_content":false,"_jetpack_feature_clip_id":0,"_jetpack_memberships_contains_paid_content":false,"jnews-multi-image_gallery":[],"jnews_single_post":[],"jnews_primary_category":[],"jnews_social_meta":[],"jnews_paywall_metabox":[],"jnews_review":[],"enable_review":"","type":"","name":"","summary":"","brand":"","sku":"","good":[],"bad":[],"score_override":"","override_value":"","rating":[],"price":[],"jnews_override_counter":[],"jnews_post_split":[],"footnotes":"","jetpack_post_was_ever_published":false},"categories":[83],"tags":[],"class_list":["post-29689","post","type-post","status-publish","format-standard","has-post-thumbnail","hentry","category-politica"],"jetpack_sharing_enabled":true,"jetpack_featured_media_url":"https:\/\/laserenaradio.cl\/web\/wp-content\/uploads\/2026\/09\/mediapiaiextstaticimg_webpcustom_1046d99a.webp","_links":{"self":[{"href":"https:\/\/laserenaradio.cl\/web\/wp-json\/wp\/v2\/posts\/29689","targetHints":{"allow":["GET"]}}],"collection":[{"href":"https:\/\/laserenaradio.cl\/web\/wp-json\/wp\/v2\/posts"}],"about":[{"href":"https:\/\/laserenaradio.cl\/web\/wp-json\/wp\/v2\/types\/post"}],"author":[{"embeddable":true,"href":"https:\/\/laserenaradio.cl\/web\/wp-json\/wp\/v2\/users\/2"}],"replies":[{"embeddable":true,"href":"https:\/\/laserenaradio.cl\/web\/wp-json\/wp\/v2\/comments?post=29689"}],"version-history":[{"count":1,"href":"https:\/\/laserenaradio.cl\/web\/wp-json\/wp\/v2\/posts\/29689\/revisions"}],"predecessor-version":[{"id":29690,"href":"https:\/\/laserenaradio.cl\/web\/wp-json\/wp\/v2\/posts\/29689\/revisions\/29690"}],"wp:featuredmedia":[{"embeddable":true,"href":"https:\/\/laserenaradio.cl\/web\/wp-json\/wp\/v2\/media\/29688"}],"wp:attachment":[{"href":"https:\/\/laserenaradio.cl\/web\/wp-json\/wp\/v2\/media?parent=29689"}],"wp:term":[{"taxonomy":"category","embeddable":true,"href":"https:\/\/laserenaradio.cl\/web\/wp-json\/wp\/v2\/categories?post=29689"},{"taxonomy":"post_tag","embeddable":true,"href":"https:\/\/laserenaradio.cl\/web\/wp-json\/wp\/v2\/tags?post=29689"}],"curies":[{"name":"wp","href":"https:\/\/api.w.org\/{rel}","templated":true}]}}