{"id":29686,"date":"2026-09-03T19:46:01","date_gmt":"2026-09-03T22:46:01","guid":{"rendered":"https:\/\/laserenaradio.cl\/web\/?p=29686"},"modified":"2026-09-03T19:46:01","modified_gmt":"2026-09-03T22:46:01","slug":"bachelet-reconoce-con-humor-sus-posibilidades-de-ser-secretaria-general-de-la-onu","status":"publish","type":"post","link":"https:\/\/laserenaradio.cl\/web\/2026\/09\/03\/bachelet-reconoce-con-humor-sus-posibilidades-de-ser-secretaria-general-de-la-onu\/","title":{"rendered":"Bachelet reconoce con humor sus posibilidades de ser Secretaria General de la ONU"},"content":{"rendered":"<p>Michelle Bachelet reconoci\u00f3 que, en medio de los cuestionamientos y los resultados desfavorables que ha obtenido su candidatura en los sondeos informales del Consejo de Seguridad, cree que no ser\u00e1 elegida como Secretaria General de Naciones Unidas. La exmandataria abord\u00f3 el escenario con humor durante su participaci\u00f3n en el encuentro \u201cMigraci\u00f3n: desaf\u00edos para el mundo, Am\u00e9rica Latina y Chile\u201d, organizado por la UDP. \u201cEs mi opini\u00f3n. No ser\u00e9 Secretario General, puedo darla, pero\u2026 Es un alivio\u201d, coment\u00f3 Bachelet entre risas.<\/p>\n<p>Como me dijo una gringa: \u2018Bueno, \u00bfy usted si no se puede hacer nada, para qu\u00e9 quiere ser Secretario General?\u2019\u201d, cont\u00f3. Ante la pregunta de su interlocutor sobre la misma materia, Bachelet respondi\u00f3 nuevamente con humor: \u201cBueno, \u00a1yo tambi\u00e9n!\u201d. Y agreg\u00f3: \u201cTal vez porque s\u00e9 que no voy a ser Secretaria General\u201d, provocando nuevas risas.<\/p>\n<p>La declaraci\u00f3n ocurre mientras la postulaci\u00f3n de la expresidenta atraviesa un escenario complejo. En el segundo sondeo informal del Consejo de Seguridad, realizado en agosto, Michelle Bachelet obtuvo seis votos en contra, quedando rezagada respecto de otros postulantes para el cargo de Secretario General de la ONU.<\/p>\n<p>Posteriormente, tras reunirse con el presidente de Brasil, Luiz In\u00e1cio Lula da Silva, se acord\u00f3 mantener su candidatura pese a los resultados de las primeras consultas. De acuerdo con antecedentes, la idea ser\u00eda esperar al menos un nuevo sondeo antes de definir el futuro de la postulaci\u00f3n. M\u00e1s all\u00e1 de su comentario, Bachelet defendi\u00f3 la relevancia de disputar el cargo y plante\u00f3 que los principales desaf\u00edos globales que enfrenta actualmente la comunidad internacional requieren una fuerte coordinaci\u00f3n entre distintos pa\u00edses.<\/p>\n<p>\u201cLo que quiero decir es que el problema es que, siendo todo eso cierto, el mundo tiene desaf\u00edos que son globales y que nadie va a poder resolver por s\u00ed solo\u201d, sostuvo, reafirmando la necesidad de liderazgo en Naciones Unidas. La definici\u00f3n del pr\u00f3ximo secretario general de la ONU continuar\u00e1 durante los pr\u00f3ximos meses. Una nueva consulta informal del Consejo de Seguridad est\u00e1 prevista para septiembre y ser\u00e1 clave para conocer si la candidatura de Bachelet logra recuperar apoyos y asegurar el futuro de la instituci\u00f3n.<\/p>\n","protected":false},"excerpt":{"rendered":"<p>Michelle Bachelet reconoci\u00f3 que, en medio de los cuestionamientos y los resultados desfavorables que ha obtenido su candidatura en los sondeos informales del Consejo de Seguridad, cree que no ser\u00e1 elegida como Secretaria General de Naciones Unidas. La exmandataria abord\u00f3 el escenario con humor durante su participaci\u00f3n en el encuentro \u201cMigraci\u00f3n: desaf\u00edos para el mundo, [&hellip;]<\/p>\n","protected":false},"author":2,"featured_media":29685,"comment_status":"closed","ping_status":"open","sticky":false,"template":"","format":"standard","meta":{"_jetpack_newsletter_access":"","_jetpack_dont_email_post_to_subs":false,"_jetpack_newsletter_tier_id":0,"_jetpack_memberships_contains_paywalled_content":false,"_jetpack_feature_clip_id":0,"_jetpack_memberships_contains_paid_content":false,"jnews-multi-image_gallery":[],"jnews_single_post":[],"jnews_primary_category":[],"jnews_social_meta":[],"jnews_paywall_metabox":[],"jnews_review":[],"enable_review":"","type":"","name":"","summary":"","brand":"","sku":"","good":[],"bad":[],"score_override":"","override_value":"","rating":[],"price":[],"jnews_override_counter":[],"jnews_post_split":[],"footnotes":"","jetpack_post_was_ever_published":false},"categories":[83],"tags":[],"class_list":["post-29686","post","type-post","status-publish","format-standard","has-post-thumbnail","hentry","category-politica"],"jetpack_sharing_enabled":true,"jetpack_featured_media_url":"https:\/\/laserenaradio.cl\/web\/wp-content\/uploads\/2026\/09\/mediapiaiextstaticimg_webpMichelleBachelet_0_d.webp","_links":{"self":[{"href":"https:\/\/laserenaradio.cl\/web\/wp-json\/wp\/v2\/posts\/29686","targetHints":{"allow":["GET"]}}],"collection":[{"href":"https:\/\/laserenaradio.cl\/web\/wp-json\/wp\/v2\/posts"}],"about":[{"href":"https:\/\/laserenaradio.cl\/web\/wp-json\/wp\/v2\/types\/post"}],"author":[{"embeddable":true,"href":"https:\/\/laserenaradio.cl\/web\/wp-json\/wp\/v2\/users\/2"}],"replies":[{"embeddable":true,"href":"https:\/\/laserenaradio.cl\/web\/wp-json\/wp\/v2\/comments?post=29686"}],"version-history":[{"count":1,"href":"https:\/\/laserenaradio.cl\/web\/wp-json\/wp\/v2\/posts\/29686\/revisions"}],"predecessor-version":[{"id":29687,"href":"https:\/\/laserenaradio.cl\/web\/wp-json\/wp\/v2\/posts\/29686\/revisions\/29687"}],"wp:featuredmedia":[{"embeddable":true,"href":"https:\/\/laserenaradio.cl\/web\/wp-json\/wp\/v2\/media\/29685"}],"wp:attachment":[{"href":"https:\/\/laserenaradio.cl\/web\/wp-json\/wp\/v2\/media?parent=29686"}],"wp:term":[{"taxonomy":"category","embeddable":true,"href":"https:\/\/laserenaradio.cl\/web\/wp-json\/wp\/v2\/categories?post=29686"},{"taxonomy":"post_tag","embeddable":true,"href":"https:\/\/laserenaradio.cl\/web\/wp-json\/wp\/v2\/tags?post=29686"}],"curies":[{"name":"wp","href":"https:\/\/api.w.org\/{rel}","templated":true}]}}