{"id":29680,"date":"2026-09-03T19:33:03","date_gmt":"2026-09-03T22:33:03","guid":{"rendered":"https:\/\/laserenaradio.cl\/web\/?p=29680"},"modified":"2026-09-03T19:33:03","modified_gmt":"2026-09-03T22:33:03","slug":"mas-de-23-mil-pensionados-de-la-region-de-coquimbo-recibiran-aumento-de-la-pgu-desde-septiembre","status":"publish","type":"post","link":"https:\/\/laserenaradio.cl\/web\/2026\/09\/03\/mas-de-23-mil-pensionados-de-la-region-de-coquimbo-recibiran-aumento-de-la-pgu-desde-septiembre\/","title":{"rendered":"M\u00e1s de 23 mil pensionados de la Regi\u00f3n de Coquimbo recibir\u00e1n aumento de la PGU desde septiembre"},"content":{"rendered":"<p>El incremento beneficiar\u00e1 a personas entre 75 y 81 a\u00f1os, quienes recibir\u00e1n autom\u00e1ticamente el nuevo monto, que podr\u00e1 alcanzar los $250.275.<\/p>\n<p>A partir de este mes, 23.226 personas de entre 75 y 81 a\u00f1os de la Regi\u00f3n de Coquimbo ver\u00e1n incrementado el monto de su Pensi\u00f3n Garantizada Universal (PGU), en el marco de la implementaci\u00f3n de la Reforma de Pensiones.<\/p>\n<p>A nivel nacional, esta nueva etapa de la reforma beneficiar\u00e1 a m\u00e1s de 500 mil personas, elevando la PGU desde los actuales $231.732 hasta un monto m\u00e1ximo de $250.275, dependiendo de la situaci\u00f3n previsional de cada beneficiario.<\/p>\n<p>El Delegado Presidencial Regional, V\u00edctor Pino, dio a conocer esta noticia en un encuentro con adultos mayores pensionados del programa V\u00ednculos en el Instituto de Previsi\u00f3n Social de La Serena, en compa\u00f1\u00eda de la Seremi del Trabajo y Previsi\u00f3n Social, Andrea Barrera, el director de IPS, Juan Garrido y la coordinadora regional de SENAMA, Mirta Barrios.<\/p>\n<p>En la ocasi\u00f3n el Delegado Presidencial manifest\u00f3 que \u201cdurante mucho tiempo se instaur\u00f3 en muchas personas que el gobierno del presidente Jos\u00e9 Antonio Kast iba a ir eliminando beneficios sociales y hemos demostrado todo lo contrario en estos primeros seis meses de gobierno, en donde hoy aumenta la PGU a una cantidad importante de personas pensionadas. Es fundamental el poder reconocer que tanto el aumento de la PGU, as\u00ed como tambi\u00e9n el aguinaldo de fiestas patrias, que se est\u00e1 entregando durante esta semana, va a permitir que muchas personas puedan acceder a dinero que no ten\u00edan hace un tiempo atr\u00e1s y les va a permitir tambi\u00e9n mejorar sus condiciones de vida\u201d.<\/p>\n<p>En tanto la seremi del Trabajo y Previsi\u00f3n Social, Andrea Barrera, destac\u00f3 el alcance de esta medida en la regi\u00f3n y se\u00f1al\u00f3 que \u201ccomo gobierno reafirmamos nuestro compromiso y hoy d\u00eda cumplimos tambi\u00e9n con nuestra palabra de seguir con el calendario del aumento de las PGU para nuestros adultos mayores. Hoy d\u00eda estamos celebrando que los adultos de 75 a 81 a\u00f1os reciben un aumento de la PGU. En nuestra regi\u00f3n son m\u00e1s de 23 mil las personas que contar\u00e1n con este beneficio que representa un apoyo concreto para miles de personas mayores de nuestra regi\u00f3n, que ver\u00e1n fortalecidos sus ingresos mensuales\u201d.<\/p>\n<p>Este aumento corresponde a una segunda etapa de la implementaci\u00f3n de la mejora de la PGU. Durante 2025, el incremento comenz\u00f3 para las personas de 82 a\u00f1os y m\u00e1s, mientras que durante 2026 se incorporan quienes tienen 75 a\u00f1os y m\u00e1s.<\/p>\n<p>En tanto, durante 2027 se contempla el aumento para el \u00faltimo grupo etario establecido en la implementaci\u00f3n gradual, correspondiente a las personas de 65 a\u00f1os y m\u00e1s.<\/p>\n<p>El incremento se realiza de manera autom\u00e1tica, por lo que las personas que ya reciben la PGU no deber\u00e1n efectuar ning\u00fan tr\u00e1mite ni presentar una solicitud para acceder al nuevo monto.<\/p>\n<p>Gloria Gallardo, pensionada beneficiada con el aumento de la PGU manifest\u00f3 que \u201cestoy contenta, feliz porque a pesar de todos los rumores que hubo, yo nunca cre\u00ed en ello, obviamente. Porque es un beneficio que adquirimos los mayores, se conserva y adem\u00e1s se aumenta. As\u00ed que muy agradecida del gobierno de todos estos beneficios y de toda esta participaci\u00f3n que estamos teniendo los adultos mayores\u201d.<\/p>\n<p>Mientas que Mirta Barrios, coordinadora regional de SENAMA, agreg\u00f3 que \u201cestamos muy contentos porque finalmente hay un incremento de la PGU en nuestras personas mayores, sobre todo en estos tiempos en que los recursos hacen falta y adem\u00e1s est\u00e1 la entrega del aguinaldo de fiestas patrias que viene a favorecer a m\u00e1s de 121 mil personas en la regi\u00f3n y que se suma a lo que promovemos como el buen trato, la dignidad y una vida saludable para nuestras personas mayores enmarcada en la ley 21.822\u201d.<\/p>\n<p>Nuevas personas podr\u00e1n solicitar la PGU<\/p>\n<p>Junto con el aumento del beneficio, desde septiembre tambi\u00e9n se ampl\u00eda el acceso a la PGU para personas de 75 a\u00f1os y m\u00e1s que reciben pensiones otorgadas por Leyes de Reparaci\u00f3n, de Gracia y para exonerados de Dipreca y Capredena, quienes podr\u00e1n solicitar el beneficio si cumplen con las condiciones establecidas por la normativa.<\/p>\n<p>Quienes a\u00fan no reciben la PGU y cumplen los requisitos pueden realizar la solicitud a trav\u00e9s de www.chileatiende.cl, utilizando Clave\u00danica o mediante videoatenci\u00f3n, adem\u00e1s de hacerlo presencialmente en las sucursales ChileAtiende, municipios en convenio con el IPS, AFP o compa\u00f1\u00edas de seguros, seg\u00fan corresponda. Los requisitos y antecedentes para solicitar el beneficio est\u00e1n disponibles en www.ips.gob.cl y www.chileatiende.cl. Tambi\u00e9n se puede obtener orientaci\u00f3n a trav\u00e9s del Call Center 101 y 600 440 0040.<\/p>\n","protected":false},"excerpt":{"rendered":"<p>El incremento beneficiar\u00e1 a personas entre 75 y 81 a\u00f1os, quienes recibir\u00e1n autom\u00e1ticamente el nuevo monto, que podr\u00e1 alcanzar los $250.275. A partir de este mes, 23.226 personas de entre 75 y 81 a\u00f1os de la Regi\u00f3n de Coquimbo ver\u00e1n incrementado el monto de su Pensi\u00f3n Garantizada Universal (PGU), en el marco de la implementaci\u00f3n [&hellip;]<\/p>\n","protected":false},"author":2,"featured_media":29679,"comment_status":"closed","ping_status":"open","sticky":false,"template":"","format":"standard","meta":{"_jetpack_newsletter_access":"","_jetpack_dont_email_post_to_subs":false,"_jetpack_newsletter_tier_id":0,"_jetpack_memberships_contains_paywalled_content":false,"_jetpack_feature_clip_id":0,"_jetpack_memberships_contains_paid_content":false,"jnews-multi-image_gallery":[],"jnews_single_post":[],"jnews_primary_category":[],"jnews_social_meta":[],"jnews_paywall_metabox":[],"jnews_review":[],"enable_review":"","type":"","name":"","summary":"","brand":"","sku":"","good":[],"bad":[],"score_override":"","override_value":"","rating":[],"price":[],"jnews_override_counter":[],"jnews_post_split":[],"footnotes":"","jetpack_post_was_ever_published":false},"categories":[84],"tags":[],"class_list":["post-29680","post","type-post","status-publish","format-standard","has-post-thumbnail","hentry","category-deportes"],"jetpack_sharing_enabled":true,"jetpack_featured_media_url":"https:\/\/laserenaradio.cl\/web\/wp-content\/uploads\/2026\/09\/mediapiaiextstaticimg_webpPrevisionSocialDelegadoPresidencialAndreaBarreraMirtaBarriosPensionGarantizadaVictorPino_source.webp","_links":{"self":[{"href":"https:\/\/laserenaradio.cl\/web\/wp-json\/wp\/v2\/posts\/29680","targetHints":{"allow":["GET"]}}],"collection":[{"href":"https:\/\/laserenaradio.cl\/web\/wp-json\/wp\/v2\/posts"}],"about":[{"href":"https:\/\/laserenaradio.cl\/web\/wp-json\/wp\/v2\/types\/post"}],"author":[{"embeddable":true,"href":"https:\/\/laserenaradio.cl\/web\/wp-json\/wp\/v2\/users\/2"}],"replies":[{"embeddable":true,"href":"https:\/\/laserenaradio.cl\/web\/wp-json\/wp\/v2\/comments?post=29680"}],"version-history":[{"count":1,"href":"https:\/\/laserenaradio.cl\/web\/wp-json\/wp\/v2\/posts\/29680\/revisions"}],"predecessor-version":[{"id":29681,"href":"https:\/\/laserenaradio.cl\/web\/wp-json\/wp\/v2\/posts\/29680\/revisions\/29681"}],"wp:featuredmedia":[{"embeddable":true,"href":"https:\/\/laserenaradio.cl\/web\/wp-json\/wp\/v2\/media\/29679"}],"wp:attachment":[{"href":"https:\/\/laserenaradio.cl\/web\/wp-json\/wp\/v2\/media?parent=29680"}],"wp:term":[{"taxonomy":"category","embeddable":true,"href":"https:\/\/laserenaradio.cl\/web\/wp-json\/wp\/v2\/categories?post=29680"},{"taxonomy":"post_tag","embeddable":true,"href":"https:\/\/laserenaradio.cl\/web\/wp-json\/wp\/v2\/tags?post=29680"}],"curies":[{"name":"wp","href":"https:\/\/api.w.org\/{rel}","templated":true}]}}