{"id":29676,"date":"2026-09-03T19:21:08","date_gmt":"2026-09-03T22:21:08","guid":{"rendered":"https:\/\/laserenaradio.cl\/web\/?p=29676"},"modified":"2026-09-03T19:21:08","modified_gmt":"2026-09-03T22:21:08","slug":"reconstruccion-del-choapa-gobierno-y-municipios-priorizan-conectividad-infraestructura-y-recuperacion-productiva","status":"publish","type":"post","link":"https:\/\/laserenaradio.cl\/web\/2026\/09\/03\/reconstruccion-del-choapa-gobierno-y-municipios-priorizan-conectividad-infraestructura-y-recuperacion-productiva\/","title":{"rendered":"Reconstrucci\u00f3n del Choapa: Gobierno y municipios priorizan conectividad, infraestructura y recuperaci\u00f3n productiva"},"content":{"rendered":"<p>La instancia reuni\u00f3 a los alcaldes de las cuatro comunas del Choapa, concejales y representantes del Gobierno para revisar las principales afectaciones del territorio. Conectividad, caminos interiores e infraestructura y recuperaci\u00f3n productiva aparecen entre las prioridades que ser\u00e1n abordadas en la planificaci\u00f3n de las pr\u00f3ximas etapas.<\/p>\n<p>Avanzar desde el diagn\u00f3stico de los da\u00f1os hacia la definici\u00f3n de soluciones y prioridades para la reconstrucci\u00f3n de la Provincia del Choapa fue el objetivo de la reuni\u00f3n de trabajo desarrollada entre el Gobierno y los municipios de Canela, Illapel, Los Vilos y Salamanca, tras las afectaciones provocadas por los sistemas frontales.<\/p>\n<p>La instancia permiti\u00f3 recoger y analizar las necesidades que persisten especialmente en materia de conectividad, caminos interiores, infraestructura y recuperaci\u00f3n de los sectores productivos, y establecer una hoja de ruta com\u00fan para la provincia.<\/p>\n<p>El Delegado Presidencial Regional, V\u00edctor Pino, explic\u00f3 que este trabajo permiti\u00f3 \u201canalizar el diagn\u00f3stico que ellos ya han realizado respecto de sus necesidades y ahora nos corresponde, durante septiembre, elaborar una segunda etapa y presentarles un primer plan que iremos desarrollando paso a paso, para poder incorporar tambi\u00e9n las prioridades de la Provincia del Choapa en el presupuesto nacional\u201d, se\u00f1al\u00f3.<\/p>\n<p>Uno de los principales desaf\u00edos planteados durante la jornada fue recuperar la conectividad en sectores que contin\u00faan afectados. El alcalde de Illapel, Denis Cort\u00e9s, advirti\u00f3 que existen localidades donde el estado de los caminos dificulta la llegada de servicios esenciales.<\/p>\n<p>\u201cTenemos lugares muy afectados, donde incluso necesitamos puentes mecano, adem\u00e1s de problemas en caminos interiores no enrolados de los que debemos hacernos cargo, pero para los cuales necesitamos mayor apoyo. Hay sectores donde todav\u00eda no podemos llegar con el cami\u00f3n aljibe\u201d, indic\u00f3.<\/p>\n<p>El jefe comunal agreg\u00f3 que esta situaci\u00f3n tambi\u00e9n tiene consecuencias sobre la actividad productiva de la provincia. Si bien destac\u00f3 la recuperaci\u00f3n de los embalses, sostuvo que la disponibilidad de agua debe ir acompa\u00f1ada de la rehabilitaci\u00f3n de los accesos y de la infraestructura necesaria para que ese recurso pueda ser aprovechado por los territorios.<\/p>\n<p>Por su parte, el alcalde de Canela, Waldo Contreras, valor\u00f3 que la planificaci\u00f3n se est\u00e9 desarrollando desde una perspectiva provincial y con participaci\u00f3n de los cuatro municipios.<\/p>\n<p>\u201cEs importante cuando trabajamos en conjunto. Ac\u00e1 no tenemos visiones individuales, tenemos una visi\u00f3n com\u00fan y gracias a eso podemos llegar a buenos acuerdos. Hemos establecido un plan de trabajo que nos permitir\u00e1 avanzar, creyendo en este trabajo colaborativo que tenemos los cuatro alcaldes\u201d.<\/p>\n<p>En la misma l\u00ednea, el alcalde de Los Vilos, Christian Gross, destac\u00f3 que la coordinaci\u00f3n debe traducirse en respuestas concretas para las localidades afectadas.<\/p>\n<p>\u201cM\u00e1s all\u00e1 de las diferencias que podamos tener, lo m\u00e1s importante es que podamos llegar con soluciones concretas a nuestras comunidades, y creo que ese objetivo hoy se cumpli\u00f3. Que est\u00e9n presentes los cuatro alcaldes y la mayor\u00eda de los concejales y concejalas demuestra que queremos hacer un trabajo serio, transparente y de cara a nuestra comunidad\u201d.<\/p>\n<p>La reuni\u00f3n estableci\u00f3 una primera etapa de trabajo entre el Gobierno y los cuatro municipios, que durante septiembre deber\u00e1 avanzar en la priorizaci\u00f3n de iniciativas con una reuni\u00f3n del equipo de Gobierno en las comunas.<\/p>\n","protected":false},"excerpt":{"rendered":"<p>La instancia reuni\u00f3 a los alcaldes de las cuatro comunas del Choapa, concejales y representantes del Gobierno para revisar las principales afectaciones del territorio. Conectividad, caminos interiores e infraestructura y recuperaci\u00f3n productiva aparecen entre las prioridades que ser\u00e1n abordadas en la planificaci\u00f3n de las pr\u00f3ximas etapas. Avanzar desde el diagn\u00f3stico de los da\u00f1os hacia la [&hellip;]<\/p>\n","protected":false},"author":2,"featured_media":29675,"comment_status":"closed","ping_status":"open","sticky":false,"template":"","format":"standard","meta":{"_jetpack_newsletter_access":"","_jetpack_dont_email_post_to_subs":false,"_jetpack_newsletter_tier_id":0,"_jetpack_memberships_contains_paywalled_content":false,"_jetpack_feature_clip_id":0,"_jetpack_memberships_contains_paid_content":false,"jnews-multi-image_gallery":[],"jnews_single_post":[],"jnews_primary_category":[],"jnews_social_meta":[],"jnews_paywall_metabox":[],"jnews_review":[],"enable_review":"","type":"","name":"","summary":"","brand":"","sku":"","good":[],"bad":[],"score_override":"","override_value":"","rating":[],"price":[],"jnews_override_counter":[],"jnews_post_split":[],"footnotes":"","jetpack_post_was_ever_published":false},"categories":[84],"tags":[],"class_list":["post-29676","post","type-post","status-publish","format-standard","has-post-thumbnail","hentry","category-deportes"],"jetpack_sharing_enabled":true,"jetpack_featured_media_url":"https:\/\/laserenaradio.cl\/web\/wp-content\/uploads\/2026\/09\/mediapiaiextstaticimg_webpDelegadoPresidencialVictorPinoDenisCortesWaldoContrerasChristianGrosstrabajo_source.webp","_links":{"self":[{"href":"https:\/\/laserenaradio.cl\/web\/wp-json\/wp\/v2\/posts\/29676","targetHints":{"allow":["GET"]}}],"collection":[{"href":"https:\/\/laserenaradio.cl\/web\/wp-json\/wp\/v2\/posts"}],"about":[{"href":"https:\/\/laserenaradio.cl\/web\/wp-json\/wp\/v2\/types\/post"}],"author":[{"embeddable":true,"href":"https:\/\/laserenaradio.cl\/web\/wp-json\/wp\/v2\/users\/2"}],"replies":[{"embeddable":true,"href":"https:\/\/laserenaradio.cl\/web\/wp-json\/wp\/v2\/comments?post=29676"}],"version-history":[{"count":1,"href":"https:\/\/laserenaradio.cl\/web\/wp-json\/wp\/v2\/posts\/29676\/revisions"}],"predecessor-version":[{"id":29677,"href":"https:\/\/laserenaradio.cl\/web\/wp-json\/wp\/v2\/posts\/29676\/revisions\/29677"}],"wp:featuredmedia":[{"embeddable":true,"href":"https:\/\/laserenaradio.cl\/web\/wp-json\/wp\/v2\/media\/29675"}],"wp:attachment":[{"href":"https:\/\/laserenaradio.cl\/web\/wp-json\/wp\/v2\/media?parent=29676"}],"wp:term":[{"taxonomy":"category","embeddable":true,"href":"https:\/\/laserenaradio.cl\/web\/wp-json\/wp\/v2\/categories?post=29676"},{"taxonomy":"post_tag","embeddable":true,"href":"https:\/\/laserenaradio.cl\/web\/wp-json\/wp\/v2\/tags?post=29676"}],"curies":[{"name":"wp","href":"https:\/\/api.w.org\/{rel}","templated":true}]}}