{"id":29657,"date":"2026-09-02T20:16:17","date_gmt":"2026-09-02T23:16:17","guid":{"rendered":"https:\/\/laserenaradio.cl\/web\/?p=29657"},"modified":"2026-09-02T20:16:17","modified_gmt":"2026-09-02T23:16:17","slug":"jara-confronta-a-kast-y-lo-devuelve-a-sus-promesas-de-campana","status":"publish","type":"post","link":"https:\/\/laserenaradio.cl\/web\/2026\/09\/02\/jara-confronta-a-kast-y-lo-devuelve-a-sus-promesas-de-campana\/","title":{"rendered":"Jara confronta a Kast y lo devuelve a sus promesas de campa\u00f1a"},"content":{"rendered":"<p>Jeannette Jara confront\u00f3 directamente a Jos\u00e9 Antonio Kast tras el debate sobre la reforma de seguridad p\u00fablica. La excandidata presidencial respondi\u00f3 a las cr\u00edticas del mandatario, inst\u00e1ndolo a centrar sus argumentos en las promesas de campa\u00f1a y en pol\u00edticas concretas.<\/p>\n<p>A trav\u00e9s de sus redes, Jara abord\u00f3 un tema sensible para el espectro pol\u00edtico de derecha: el levantamiento del secreto bancario. Ella presion\u00f3 a Kast para que abordara la ruta del dinero del narcotr\u00e1fico, exigiendo transparencia en las finanzas p\u00fablicas.<\/p>\n<p>Adem\u00e1s, la exministra del Trabajo record\u00f3 al l\u00edder de la oposici\u00f3n su compromiso con el orden p\u00fablico y la mejora de la seguridad en el pa\u00eds, pidiendo explicaciones sobre su plataforma electoral.<\/p>\n<p>Jara intensific\u00f3 el cuestionamiento al se\u00f1alar la posible inconsistencia de Kast respecto a la recaudaci\u00f3n fiscal, preguntando si su enfoque en la reducci\u00f3n de impuestos beneficiaba \u00fanicamente a los sectores m\u00e1s pudientes.<\/p>\n<p>El desencadenante de este cruce pol\u00edtico fue el debate sobre la reforma constitucional de seguridad. La controversia se gener\u00f3 luego de que el Partido Republicano se\u00f1alara la potencial contradicci\u00f3n entre la postura actual de Kast y su posible votaci\u00f3n en iniciativas similares si ella liderara el gobierno.<\/p>\n<p>Ante esta aparente doble vara ideol\u00f3gica, Kast evit\u00f3 una respuesta directa, argumentando que nunca habr\u00eda existido la situaci\u00f3n planteada porque ella jam\u00e1s habr\u00eda presentado una reforma an\u00e1loga. Luego, el mandatario redirigi\u00f3 el debate hacia la pol\u00edtica migratoria, responsabilizando al sector de Jeannette Jara por la entrada irregular de extranjeros.<\/p>\n<p>La respuesta de Jara busc\u00f3 neutralizar este golpe, en lugar de defender la pol\u00edtica migratoria, devolviendo la presi\u00f3n a Kast para que mostrara resultados tangibles como mandatario actual, m\u00e1s all\u00e1 de las declaraciones en campa\u00f1as electorales.<\/p>\n","protected":false},"excerpt":{"rendered":"<p>Jeannette Jara confront\u00f3 directamente a Jos\u00e9 Antonio Kast tras el debate sobre la reforma de seguridad p\u00fablica. La excandidata presidencial respondi\u00f3 a las cr\u00edticas del mandatario, inst\u00e1ndolo a centrar sus argumentos en las promesas de campa\u00f1a y en pol\u00edticas concretas. A trav\u00e9s de sus redes, Jara abord\u00f3 un tema sensible para el espectro pol\u00edtico de [&hellip;]<\/p>\n","protected":false},"author":2,"featured_media":29656,"comment_status":"closed","ping_status":"open","sticky":false,"template":"","format":"standard","meta":{"_jetpack_newsletter_access":"","_jetpack_dont_email_post_to_subs":false,"_jetpack_newsletter_tier_id":0,"_jetpack_memberships_contains_paywalled_content":false,"_jetpack_feature_clip_id":0,"_jetpack_memberships_contains_paid_content":false,"jnews-multi-image_gallery":[],"jnews_single_post":[],"jnews_primary_category":[],"jnews_social_meta":[],"jnews_paywall_metabox":[],"jnews_review":[],"enable_review":"","type":"","name":"","summary":"","brand":"","sku":"","good":[],"bad":[],"score_override":"","override_value":"","rating":[],"price":[],"jnews_override_counter":[],"jnews_post_split":[],"footnotes":"","jetpack_post_was_ever_published":false},"categories":[83],"tags":[],"class_list":["post-29657","post","type-post","status-publish","format-standard","has-post-thumbnail","hentry","category-politica"],"jetpack_sharing_enabled":true,"jetpack_featured_media_url":"https:\/\/laserenaradio.cl\/web\/wp-content\/uploads\/2026\/09\/mediapiaiextstaticimg_webpJeannetteJara_0_2_s.webp","_links":{"self":[{"href":"https:\/\/laserenaradio.cl\/web\/wp-json\/wp\/v2\/posts\/29657","targetHints":{"allow":["GET"]}}],"collection":[{"href":"https:\/\/laserenaradio.cl\/web\/wp-json\/wp\/v2\/posts"}],"about":[{"href":"https:\/\/laserenaradio.cl\/web\/wp-json\/wp\/v2\/types\/post"}],"author":[{"embeddable":true,"href":"https:\/\/laserenaradio.cl\/web\/wp-json\/wp\/v2\/users\/2"}],"replies":[{"embeddable":true,"href":"https:\/\/laserenaradio.cl\/web\/wp-json\/wp\/v2\/comments?post=29657"}],"version-history":[{"count":1,"href":"https:\/\/laserenaradio.cl\/web\/wp-json\/wp\/v2\/posts\/29657\/revisions"}],"predecessor-version":[{"id":29658,"href":"https:\/\/laserenaradio.cl\/web\/wp-json\/wp\/v2\/posts\/29657\/revisions\/29658"}],"wp:featuredmedia":[{"embeddable":true,"href":"https:\/\/laserenaradio.cl\/web\/wp-json\/wp\/v2\/media\/29656"}],"wp:attachment":[{"href":"https:\/\/laserenaradio.cl\/web\/wp-json\/wp\/v2\/media?parent=29657"}],"wp:term":[{"taxonomy":"category","embeddable":true,"href":"https:\/\/laserenaradio.cl\/web\/wp-json\/wp\/v2\/categories?post=29657"},{"taxonomy":"post_tag","embeddable":true,"href":"https:\/\/laserenaradio.cl\/web\/wp-json\/wp\/v2\/tags?post=29657"}],"curies":[{"name":"wp","href":"https:\/\/api.w.org\/{rel}","templated":true}]}}