{"id":29654,"date":"2026-09-02T20:08:25","date_gmt":"2026-09-02T23:08:25","guid":{"rendered":"https:\/\/laserenaradio.cl\/web\/?p=29654"},"modified":"2026-09-02T20:08:25","modified_gmt":"2026-09-02T23:08:25","slug":"parte-alta-coquimbo-3-sujetos-son-condenados-por-homicidio-simple-y-porte-de-armas","status":"publish","type":"post","link":"https:\/\/laserenaradio.cl\/web\/2026\/09\/02\/parte-alta-coquimbo-3-sujetos-son-condenados-por-homicidio-simple-y-porte-de-armas\/","title":{"rendered":"Parte Alta Coquimbo: 3 sujetos son condenados por homicidio simple y porte de armas"},"content":{"rendered":"<p>La Fiscal\u00eda, a trav\u00e9s del sistema de an\u00e1lisis criminal, crimen organizado y alta complejidad, obtuvo veredicto y sentencia condenatoria contra 3 sujetos por los delitos de homicidio simple y porte de armas, hechos ocurridos el 6 de agosto 2025, en la Parte Alta de Coquimbo.<\/p>\n<p>R.A.B.C. fue condenado a 12 a\u00f1os por homicidio simple m\u00e1s otros 4 a\u00f1os por porte de arma; J.I.R.R. fue sentenciado a 11 a\u00f1os por homicidio m\u00e1s 3 a\u00f1os y 6 meses por porte de arma y S.I.G.L. qued\u00f3 condenado a 10 a\u00f1os y un d\u00eda por homicidio m\u00e1s otros 3 a\u00f1os un d\u00eda por porte de arma.<\/p>\n<p>Seg\u00fan la acusaci\u00f3n, el 6 de agosto 2025, previo concierto de los 3 con un cuarto sujeto, fueron en busca de la v\u00edctima, premunidos de un arma y un bate, con el objetivo de \u201cdarle un escarmiento\u201d.<\/p>\n<p>Los sujetos llegaron a la Parte Alta de Coquimbo y recorrieron los alrededores de la Cruz del Milenio para consultar por la v\u00edctima. Tras aquello, ubicaron su morada y uno de los sujetos que portaba una escopeta le dispar\u00f3 en la regi\u00f3n tor\u00e1cica izquierda, para despu\u00e9s darse a la fuga.<\/p>\n<p>\u201cQueremos destacar un reciente fallo decretado por el Tribunal Oral en lo Penal de La Serena de fecha 20 de agosto de 2026, en el que se obtuvo altas penas de c\u00e1rcel con el trabajo realizado por el equipo ECOH en una investigaci\u00f3n por el homicidio de una persona ocurrido en agosto de 2025 en la parte alta de Coquimbo. Los tres acusados fueron condenados como autores de homicidio simple y porte ilegal de arma de fuego\u201d, dijo el fiscal Eduardo Y\u00e1\u00f1ez, jefe del sistema de an\u00e1lisis criminal de la Fiscal\u00eda Regional de Coquimbo.<\/p>\n<p>\u201cLas penas impuestas alcanzan respectivamente 16 a\u00f1os, 14 a\u00f1os y 6 meses y 13 a\u00f1os y un d\u00eda de presidio, todas de cumplimiento efectivo y sin posibilidad de penas sustitutivas. La investigaci\u00f3n cont\u00f3 con un destacado trabajo de la Brigada de Homicidios de la PDI, cuyos funcionarios realizaron diligencias en el sitio del suceso, levantaron registros de c\u00e1maras de seguridad, ubicaron testigos y reunieron evidencia pericial relevante, en una investigaci\u00f3n que demostr\u00f3 inteligencia. Estas diligencias fueron desarrolladas en coordinaci\u00f3n con el equipo ECO de la Fiscal\u00eda Regional\u201d, a\u00f1adi\u00f3.<\/p>\n<p>El fallo a\u00fan no se encuentra ejecutoriado, ya que permanecen vigentes los plazos para que las defensas puedan presentar eventuales recursos de nulidad.<\/p>\n","protected":false},"excerpt":{"rendered":"<p>La Fiscal\u00eda, a trav\u00e9s del sistema de an\u00e1lisis criminal, crimen organizado y alta complejidad, obtuvo veredicto y sentencia condenatoria contra 3 sujetos por los delitos de homicidio simple y porte de armas, hechos ocurridos el 6 de agosto 2025, en la Parte Alta de Coquimbo. R.A.B.C. fue condenado a 12 a\u00f1os por homicidio simple m\u00e1s [&hellip;]<\/p>\n","protected":false},"author":2,"featured_media":29653,"comment_status":"closed","ping_status":"open","sticky":false,"template":"","format":"standard","meta":{"_jetpack_newsletter_access":"","_jetpack_dont_email_post_to_subs":false,"_jetpack_newsletter_tier_id":0,"_jetpack_memberships_contains_paywalled_content":false,"_jetpack_feature_clip_id":0,"_jetpack_memberships_contains_paid_content":false,"jnews-multi-image_gallery":[],"jnews_single_post":[],"jnews_primary_category":[],"jnews_social_meta":[],"jnews_paywall_metabox":[],"jnews_review":[],"enable_review":"","type":"","name":"","summary":"","brand":"","sku":"","good":[],"bad":[],"score_override":"","override_value":"","rating":[],"price":[],"jnews_override_counter":[],"jnews_post_split":[],"footnotes":"","jetpack_post_was_ever_published":false},"categories":[84],"tags":[],"class_list":["post-29654","post","type-post","status-publish","format-standard","has-post-thumbnail","hentry","category-deportes"],"jetpack_sharing_enabled":true,"jetpack_featured_media_url":"https:\/\/laserenaradio.cl\/web\/wp-content\/uploads\/2026\/09\/mediapiaiextstaticimg_webpParteAltaFiscaliaRegionalTribunalOralEduardoYanezanoshomicidio_source.webp","_links":{"self":[{"href":"https:\/\/laserenaradio.cl\/web\/wp-json\/wp\/v2\/posts\/29654","targetHints":{"allow":["GET"]}}],"collection":[{"href":"https:\/\/laserenaradio.cl\/web\/wp-json\/wp\/v2\/posts"}],"about":[{"href":"https:\/\/laserenaradio.cl\/web\/wp-json\/wp\/v2\/types\/post"}],"author":[{"embeddable":true,"href":"https:\/\/laserenaradio.cl\/web\/wp-json\/wp\/v2\/users\/2"}],"replies":[{"embeddable":true,"href":"https:\/\/laserenaradio.cl\/web\/wp-json\/wp\/v2\/comments?post=29654"}],"version-history":[{"count":1,"href":"https:\/\/laserenaradio.cl\/web\/wp-json\/wp\/v2\/posts\/29654\/revisions"}],"predecessor-version":[{"id":29655,"href":"https:\/\/laserenaradio.cl\/web\/wp-json\/wp\/v2\/posts\/29654\/revisions\/29655"}],"wp:featuredmedia":[{"embeddable":true,"href":"https:\/\/laserenaradio.cl\/web\/wp-json\/wp\/v2\/media\/29653"}],"wp:attachment":[{"href":"https:\/\/laserenaradio.cl\/web\/wp-json\/wp\/v2\/media?parent=29654"}],"wp:term":[{"taxonomy":"category","embeddable":true,"href":"https:\/\/laserenaradio.cl\/web\/wp-json\/wp\/v2\/categories?post=29654"},{"taxonomy":"post_tag","embeddable":true,"href":"https:\/\/laserenaradio.cl\/web\/wp-json\/wp\/v2\/tags?post=29654"}],"curies":[{"name":"wp","href":"https:\/\/api.w.org\/{rel}","templated":true}]}}