{"id":29651,"date":"2026-09-02T20:00:28","date_gmt":"2026-09-02T23:00:28","guid":{"rendered":"https:\/\/laserenaradio.cl\/web\/?p=29651"},"modified":"2026-09-02T20:00:28","modified_gmt":"2026-09-02T23:00:28","slug":"kast-aborda-la-recesion-economica-y-anticipa-buenas-noticias-para-chile","status":"publish","type":"post","link":"https:\/\/laserenaradio.cl\/web\/2026\/09\/02\/kast-aborda-la-recesion-economica-y-anticipa-buenas-noticias-para-chile\/","title":{"rendered":"Kast aborda la recesi\u00f3n econ\u00f3mica y anticipa &#8220;buenas noticias&#8221; para Chile."},"content":{"rendered":"<p>Jos\u00e9 Antonio Kast abord\u00f3 la reciente ca\u00edda de la econom\u00eda chilena en julio, refiri\u00e9ndose a la fuerte contracci\u00f3n del \u00cdndice Mensual de Actividad Econ\u00f3mica (Imacec) en un 1,5%, lo que marc\u00f3 el peor registro desde marzo de 2023. Durante su gira por Magallanes, el presidente Kast emiti\u00f3 un mensaje optimista sobre el futuro econ\u00f3mico. Afirm\u00f3 que las reformas legales en curso y las solicitudes de inversi\u00f3n en Chile auguran un notable crecimiento econ\u00f3mico, destacando que la mejora en la inversi\u00f3n y el crecimiento est\u00e1n directamente relacionados con la generaci\u00f3n de mayor empleo.<\/p>\n<p>A pesar de la incertidumbre econ\u00f3mica, los mercados presentan movimientos significativos. En el \u00e1mbito financiero, los traders est\u00e1n reaccionando a comentarios desde Estados Unidos que apuntan a una significativa recuperaci\u00f3n de la oferta energ\u00e9tica desde Medio Oriente, lo que influye directamente en la cotizaci\u00f3n del d\u00f3lar en Chile. Actualmente, el tipo de cambio d\u00f3lar muestra un alza notable. Paralelamente, el precio del petr\u00f3leo Brent baja 0,8% a US$ 93,9 por barril, lo que indica fluctuaciones importantes en el mercado de commodities.<\/p>\n<p>En otro sector de inter\u00e9s, la regulaci\u00f3n de las apuestas online en Chile sigue siendo un tema de conversaci\u00f3n. A menos de 24 horas del bloqueo ordenado por la Corte Suprema y la Corte de Apelaciones, que oblig\u00f3 a proveedores de internet como Claro, Movistar, Entel y WOM a bloquear sitios de apuestas, las plataformas contin\u00faan operando. Estas empresas se han visto forzadas a adaptarse a la regulaci\u00f3n de Subtel, manteniendo la operaci\u00f3n de sus servicios de apuestas en l\u00ednea a pesar del estricto control sobre el acceso a estos sitios.<\/p>\n","protected":false},"excerpt":{"rendered":"<p>Jos\u00e9 Antonio Kast abord\u00f3 la reciente ca\u00edda de la econom\u00eda chilena en julio, refiri\u00e9ndose a la fuerte contracci\u00f3n del \u00cdndice Mensual de Actividad Econ\u00f3mica (Imacec) en un 1,5%, lo que marc\u00f3 el peor registro desde marzo de 2023. Durante su gira por Magallanes, el presidente Kast emiti\u00f3 un mensaje optimista sobre el futuro econ\u00f3mico. Afirm\u00f3 [&hellip;]<\/p>\n","protected":false},"author":2,"featured_media":29650,"comment_status":"closed","ping_status":"open","sticky":false,"template":"","format":"standard","meta":{"_jetpack_newsletter_access":"","_jetpack_dont_email_post_to_subs":false,"_jetpack_newsletter_tier_id":0,"_jetpack_memberships_contains_paywalled_content":false,"_jetpack_feature_clip_id":0,"_jetpack_memberships_contains_paid_content":false,"jnews-multi-image_gallery":[],"jnews_single_post":[],"jnews_primary_category":[],"jnews_social_meta":[],"jnews_paywall_metabox":[],"jnews_review":[],"enable_review":"","type":"","name":"","summary":"","brand":"","sku":"","good":[],"bad":[],"score_override":"","override_value":"","rating":[],"price":[],"jnews_override_counter":[],"jnews_post_split":[],"footnotes":"","jetpack_post_was_ever_published":false},"categories":[85],"tags":[],"class_list":["post-29651","post","type-post","status-publish","format-standard","has-post-thumbnail","hentry","category-economia"],"jetpack_sharing_enabled":true,"jetpack_featured_media_url":"https:\/\/laserenaradio.cl\/web\/wp-content\/uploads\/2026\/09\/mediapiaiextstaticimg_webpcustom_dd97039e.webp","_links":{"self":[{"href":"https:\/\/laserenaradio.cl\/web\/wp-json\/wp\/v2\/posts\/29651","targetHints":{"allow":["GET"]}}],"collection":[{"href":"https:\/\/laserenaradio.cl\/web\/wp-json\/wp\/v2\/posts"}],"about":[{"href":"https:\/\/laserenaradio.cl\/web\/wp-json\/wp\/v2\/types\/post"}],"author":[{"embeddable":true,"href":"https:\/\/laserenaradio.cl\/web\/wp-json\/wp\/v2\/users\/2"}],"replies":[{"embeddable":true,"href":"https:\/\/laserenaradio.cl\/web\/wp-json\/wp\/v2\/comments?post=29651"}],"version-history":[{"count":1,"href":"https:\/\/laserenaradio.cl\/web\/wp-json\/wp\/v2\/posts\/29651\/revisions"}],"predecessor-version":[{"id":29652,"href":"https:\/\/laserenaradio.cl\/web\/wp-json\/wp\/v2\/posts\/29651\/revisions\/29652"}],"wp:featuredmedia":[{"embeddable":true,"href":"https:\/\/laserenaradio.cl\/web\/wp-json\/wp\/v2\/media\/29650"}],"wp:attachment":[{"href":"https:\/\/laserenaradio.cl\/web\/wp-json\/wp\/v2\/media?parent=29651"}],"wp:term":[{"taxonomy":"category","embeddable":true,"href":"https:\/\/laserenaradio.cl\/web\/wp-json\/wp\/v2\/categories?post=29651"},{"taxonomy":"post_tag","embeddable":true,"href":"https:\/\/laserenaradio.cl\/web\/wp-json\/wp\/v2\/tags?post=29651"}],"curies":[{"name":"wp","href":"https:\/\/api.w.org\/{rel}","templated":true}]}}