{"id":29648,"date":"2026-09-02T19:53:33","date_gmt":"2026-09-02T22:53:33","guid":{"rendered":"https:\/\/laserenaradio.cl\/web\/?p=29648"},"modified":"2026-09-02T19:53:33","modified_gmt":"2026-09-02T22:53:33","slug":"ovalle-sujeto-quedo-formalizado-por-homicidio-frustrado-porte-de-arma-disparos-receptacion-y-trafico","status":"publish","type":"post","link":"https:\/\/laserenaradio.cl\/web\/2026\/09\/02\/ovalle-sujeto-quedo-formalizado-por-homicidio-frustrado-porte-de-arma-disparos-receptacion-y-trafico\/","title":{"rendered":"Ovalle: Sujeto qued\u00f3 formalizado por homicidio frustrado, porte de arma, disparos, receptaci\u00f3n y tr\u00e1fico"},"content":{"rendered":"<p>Luego de la detenci\u00f3n realizada por personal de la Polic\u00eda de Investigaciones, la Fiscal\u00eda \u2013 a trav\u00e9s del sistema de alta complejidad, formaliz\u00f3 en la investigaci\u00f3n a un sujeto de sexo masculino, por una serie de hechos por los cuales es investigado, adem\u00e1s de otros ocurridos en flagrancia.<\/p>\n<p>El primer hecho formalizado fue un delito de homicidio simple en grado de frustrado, porte \u00a0de arma y disparos injustificados, ocurridos en calle Patricio Walker de Ovalle. El homicidio frustrado fue contra una v\u00edctima de sexo masculino, en hechos ocurridos el 25 de mayo 2026. En dicha ocasi\u00f3n el sujeto portaba un arma compatible con una calibre 9 mil\u00edmetros y realiz\u00f3 m\u00faltiples disparos en una zona poblada.<\/p>\n<p>El segundo hecho formalizado ocurri\u00f3 el d\u00eda 1 de septiembre de 2026, aproximadamente a las 18:00 hrs., cuando el sujeto ten\u00eda en su poder, al interior del veh\u00edculo un dron marca DJI Mavic 2 Pro, conociendo o no pudiendo menos que conocer el origen il\u00edcito de este equipo, avaluado en la suma de $1.300.000.<\/p>\n<p>El mismo d\u00eda, 1 de septiembre de 2026, el imputado guardaba y pose\u00eda, con fines de tr\u00e1fico, en una olla que manten\u00eda en la cocina de su domicilio de Ovalle, 10 bolsas con 2.615 gramos brutos de ketamina, especies adquiridas producto del tr\u00e1fico de drogas y dinero en efectivo, \u00a0adem\u00e1s de un tel\u00e9fono celular.<\/p>\n<p>Por todos los hechos, el sujeto fue imputado de receptaci\u00f3n y tr\u00e1fico de drogas.<\/p>\n<p>La Fiscal\u00eda solicit\u00f3 la prisi\u00f3n preventiva, la cual fue concedida por la causal de peligro para la seguridad de la sociedad.<\/p>\n<p>El Juzgado de Garant\u00eda concedi\u00f3 un plazo de investigaci\u00f3n de 75 d\u00edas.<\/p>\n","protected":false},"excerpt":{"rendered":"<p>Luego de la detenci\u00f3n realizada por personal de la Polic\u00eda de Investigaciones, la Fiscal\u00eda \u2013 a trav\u00e9s del sistema de alta complejidad, formaliz\u00f3 en la investigaci\u00f3n a un sujeto de sexo masculino, por una serie de hechos por los cuales es investigado, adem\u00e1s de otros ocurridos en flagrancia. El primer hecho formalizado fue un delito [&hellip;]<\/p>\n","protected":false},"author":2,"featured_media":29647,"comment_status":"closed","ping_status":"open","sticky":false,"template":"","format":"standard","meta":{"_jetpack_newsletter_access":"","_jetpack_dont_email_post_to_subs":false,"_jetpack_newsletter_tier_id":0,"_jetpack_memberships_contains_paywalled_content":false,"_jetpack_feature_clip_id":0,"_jetpack_memberships_contains_paid_content":false,"jnews-multi-image_gallery":[],"jnews_single_post":[],"jnews_primary_category":[],"jnews_social_meta":[],"jnews_paywall_metabox":[],"jnews_review":[],"enable_review":"","type":"","name":"","summary":"","brand":"","sku":"","good":[],"bad":[],"score_override":"","override_value":"","rating":[],"price":[],"jnews_override_counter":[],"jnews_post_split":[],"footnotes":"","jetpack_post_was_ever_published":false},"categories":[84],"tags":[],"class_list":["post-29648","post","type-post","status-publish","format-standard","has-post-thumbnail","hentry","category-deportes"],"jetpack_sharing_enabled":true,"jetpack_featured_media_url":"https:\/\/laserenaradio.cl\/web\/wp-content\/uploads\/2026\/09\/mediapiaiextstaticimg_webpRocioValdiviainvestigacionOvallesujetosFiscaliaLeices_source-scaled.webp","_links":{"self":[{"href":"https:\/\/laserenaradio.cl\/web\/wp-json\/wp\/v2\/posts\/29648","targetHints":{"allow":["GET"]}}],"collection":[{"href":"https:\/\/laserenaradio.cl\/web\/wp-json\/wp\/v2\/posts"}],"about":[{"href":"https:\/\/laserenaradio.cl\/web\/wp-json\/wp\/v2\/types\/post"}],"author":[{"embeddable":true,"href":"https:\/\/laserenaradio.cl\/web\/wp-json\/wp\/v2\/users\/2"}],"replies":[{"embeddable":true,"href":"https:\/\/laserenaradio.cl\/web\/wp-json\/wp\/v2\/comments?post=29648"}],"version-history":[{"count":1,"href":"https:\/\/laserenaradio.cl\/web\/wp-json\/wp\/v2\/posts\/29648\/revisions"}],"predecessor-version":[{"id":29649,"href":"https:\/\/laserenaradio.cl\/web\/wp-json\/wp\/v2\/posts\/29648\/revisions\/29649"}],"wp:featuredmedia":[{"embeddable":true,"href":"https:\/\/laserenaradio.cl\/web\/wp-json\/wp\/v2\/media\/29647"}],"wp:attachment":[{"href":"https:\/\/laserenaradio.cl\/web\/wp-json\/wp\/v2\/media?parent=29648"}],"wp:term":[{"taxonomy":"category","embeddable":true,"href":"https:\/\/laserenaradio.cl\/web\/wp-json\/wp\/v2\/categories?post=29648"},{"taxonomy":"post_tag","embeddable":true,"href":"https:\/\/laserenaradio.cl\/web\/wp-json\/wp\/v2\/tags?post=29648"}],"curies":[{"name":"wp","href":"https:\/\/api.w.org\/{rel}","templated":true}]}}