{"id":29645,"date":"2026-09-02T19:46:07","date_gmt":"2026-09-02T22:46:07","guid":{"rendered":"https:\/\/laserenaradio.cl\/web\/?p=29645"},"modified":"2026-09-02T19:46:07","modified_gmt":"2026-09-02T22:46:07","slug":"gobierno-reafirma-compromiso-para-abordar-el-consumo-de-sustancias-con-un-enfoque-integral-y-multisectorial","status":"publish","type":"post","link":"https:\/\/laserenaradio.cl\/web\/2026\/09\/02\/gobierno-reafirma-compromiso-para-abordar-el-consumo-de-sustancias-con-un-enfoque-integral-y-multisectorial\/","title":{"rendered":"Gobierno reafirma compromiso para abordar el consumo de sustancias con un enfoque integral y multisectorial."},"content":{"rendered":"<p>SENDA a trav\u00e9s del Plan de Acci\u00f3n 2024-2030 aborda las causas y las consecuencias sociales y sanitarias del uso de drogas, a trav\u00e9s de objetivos coordinados con el intersector.<\/p>\n<p>Con el prop\u00f3sito de abordar de manera integral el fen\u00f3meno del consumo de sustancias psicoactivas en Chile, el Servicio Nacional para la Prevenci\u00f3n y Rehabilitaci\u00f3n del Consumo de Drogas y Alcohol (SENDA), lleva adelante el Plan de Acci\u00f3n Regional 2024-2030 de la Estrategia Nacional de Drogas, el cual a la fecha presenta un 44% de avance en su implementaci\u00f3n.<\/p>\n<p>Esta iniciativa que contiene objetivos estrat\u00e9gicos, medidas intersectoriales y acciones prioritarias, las cuales que fueron coordinadas a nivel regional en mesas de trabajo con la ciudadan\u00eda e instancias con organismos p\u00fablicos, fue validada por la actual administraci\u00f3n que lidera el Delegado V\u00edctor Pino, lo que refleja el compromiso del Gobierno y el Estado de Chile de ofrecer respuestas articuladas e integrales al fen\u00f3meno del consumo de sustancias.<\/p>\n<p>\u201cAqu\u00ed lo importante es c\u00f3mo vamos articul\u00e1ndonos, como Gobierno para que todos los servicios del Estado vinculados, a la sociedad principalmente, a los beneficios sociales, a acercamientos con la comunidad, puedan trabajar juntos y coordinados y en esto SENDA cumple una gran labor, de poder coordinarnos y poder ayudarnos a poder entender lo relevante y lo importante que es el buscar estas soluciones\u201d, enfatiz\u00f3 el Delegado Presidencial de Coquimbo, V\u00edctor Pino.<\/p>\n<p>El Plan de Acci\u00f3n Regional 2024-2030 cubre aspectos como el fortalecimiento de las acciones de prevenci\u00f3n a nivel escolar y barrial, consolidar la red de tratamiento y dar sostenibilidad a los procesos de recuperaci\u00f3n, potenciando la integraci\u00f3n social de personas en proceso de recuperaci\u00f3n.<\/p>\n<p>\u201cLo m\u00e1s importante creo que hoy d\u00eda se vio la voluntad, la articulaci\u00f3n y la posibilidad de entender que efectivamente el desaf\u00edo de la rehabilitaci\u00f3n del consumo de alcohol y drogas es una tarea de todos los presentes, en torno a una articulaci\u00f3n de los organismos del Estado, en c\u00f3mo poder apoyar y llegar a los territorios y a la gente m\u00e1s vulnerable que necesite efectivamente una respuesta concreta frente a las necesidades que est\u00e1n viviendo\u201d, finaliz\u00f3 el Director Regional de SENDA, Rodrigo Maturana.<\/p>\n","protected":false},"excerpt":{"rendered":"<p>SENDA a trav\u00e9s del Plan de Acci\u00f3n 2024-2030 aborda las causas y las consecuencias sociales y sanitarias del uso de drogas, a trav\u00e9s de objetivos coordinados con el intersector. Con el prop\u00f3sito de abordar de manera integral el fen\u00f3meno del consumo de sustancias psicoactivas en Chile, el Servicio Nacional para la Prevenci\u00f3n y Rehabilitaci\u00f3n del [&hellip;]<\/p>\n","protected":false},"author":2,"featured_media":29644,"comment_status":"closed","ping_status":"open","sticky":false,"template":"","format":"standard","meta":{"_jetpack_newsletter_access":"","_jetpack_dont_email_post_to_subs":false,"_jetpack_newsletter_tier_id":0,"_jetpack_memberships_contains_paywalled_content":false,"_jetpack_feature_clip_id":0,"_jetpack_memberships_contains_paid_content":false,"jnews-multi-image_gallery":[],"jnews_single_post":[],"jnews_primary_category":[],"jnews_social_meta":[],"jnews_paywall_metabox":[],"jnews_review":[],"enable_review":"","type":"","name":"","summary":"","brand":"","sku":"","good":[],"bad":[],"score_override":"","override_value":"","rating":[],"price":[],"jnews_override_counter":[],"jnews_post_split":[],"footnotes":"","jetpack_post_was_ever_published":false},"categories":[84],"tags":[],"class_list":["post-29645","post","type-post","status-publish","format-standard","has-post-thumbnail","hentry","category-deportes"],"jetpack_sharing_enabled":true,"jetpack_featured_media_url":"https:\/\/laserenaradio.cl\/web\/wp-content\/uploads\/2026\/09\/mediapiaiextstaticimg_webpAccionRegionalVictorPinoServicioNacionalDelegadoPresidencialRodrigoMaturanaSENDA_source.webp","_links":{"self":[{"href":"https:\/\/laserenaradio.cl\/web\/wp-json\/wp\/v2\/posts\/29645","targetHints":{"allow":["GET"]}}],"collection":[{"href":"https:\/\/laserenaradio.cl\/web\/wp-json\/wp\/v2\/posts"}],"about":[{"href":"https:\/\/laserenaradio.cl\/web\/wp-json\/wp\/v2\/types\/post"}],"author":[{"embeddable":true,"href":"https:\/\/laserenaradio.cl\/web\/wp-json\/wp\/v2\/users\/2"}],"replies":[{"embeddable":true,"href":"https:\/\/laserenaradio.cl\/web\/wp-json\/wp\/v2\/comments?post=29645"}],"version-history":[{"count":1,"href":"https:\/\/laserenaradio.cl\/web\/wp-json\/wp\/v2\/posts\/29645\/revisions"}],"predecessor-version":[{"id":29646,"href":"https:\/\/laserenaradio.cl\/web\/wp-json\/wp\/v2\/posts\/29645\/revisions\/29646"}],"wp:featuredmedia":[{"embeddable":true,"href":"https:\/\/laserenaradio.cl\/web\/wp-json\/wp\/v2\/media\/29644"}],"wp:attachment":[{"href":"https:\/\/laserenaradio.cl\/web\/wp-json\/wp\/v2\/media?parent=29645"}],"wp:term":[{"taxonomy":"category","embeddable":true,"href":"https:\/\/laserenaradio.cl\/web\/wp-json\/wp\/v2\/categories?post=29645"},{"taxonomy":"post_tag","embeddable":true,"href":"https:\/\/laserenaradio.cl\/web\/wp-json\/wp\/v2\/tags?post=29645"}],"curies":[{"name":"wp","href":"https:\/\/api.w.org\/{rel}","templated":true}]}}