{"id":29639,"date":"2026-09-02T19:32:51","date_gmt":"2026-09-02T22:32:51","guid":{"rendered":"https:\/\/laserenaradio.cl\/web\/?p=29639"},"modified":"2026-09-02T19:32:51","modified_gmt":"2026-09-02T22:32:51","slug":"dirigentes-de-la-higuera-exigen-avance-del-proyecto-dominga-ante-el-servicio-de-evaluacion-ambiental","status":"publish","type":"post","link":"https:\/\/laserenaradio.cl\/web\/2026\/09\/02\/dirigentes-de-la-higuera-exigen-avance-del-proyecto-dominga-ante-el-servicio-de-evaluacion-ambiental\/","title":{"rendered":"Dirigentes de La Higuera exigen avance del proyecto Dominga ante el Servicio de Evaluaci\u00f3n Ambiental"},"content":{"rendered":"<p>Dirigentes gremiales de la comuna de La Higuera, ubicada en la regi\u00f3n de Coquimbo, se reunieron con el director ejecutivo del <a href=\"http:\/\/sea.gob.cl\/\">Servicio de Evaluaci\u00f3n Ambiental<\/a> (SEA), Arturo Far\u00edas, para exigir el r\u00e1pido avance del proyecto Dominga.<\/p>\n<p>Esta importante iniciativa, que ha estado en discusi\u00f3n a nivel nacional por m\u00e1s de diez a\u00f1os, es clave para el desarrollo econ\u00f3mico local. Los representantes llegaron hasta las oficinas del organismo en el centro de Santiago para exponer sus preocupaciones y presentar un escrito detallando sus planteamientos sobre los permisos ambientales.<\/p>\n<p>Durante la reuni\u00f3n, los l\u00edderes de La Higuera se\u00f1alaron que la espera por el avance del proyecto Dominga es excesiva. Afirmaron que la obra cuenta con su aprobaci\u00f3n ambiental, ha reportado el inicio de construcci\u00f3n e incluso ya han comenzado las primeras obras. Por ello, exigen que los permisos pendientes se tramiten con celeridad y siguiendo todos los protocolos sin retrasar a\u00fan m\u00e1s el progreso del desarrollo econ\u00f3mico.<\/p>\n<p>Para la comunidad de La Higuera, el avance de Dominga no es solo una cuesti\u00f3n de obras, sino un motor vital para el empleo local. Los dirigentes enfatizaron la necesidad de que este proyecto genere trabajo para las familias y retenga a los j\u00f3venes en su comuna, vitales pilares para el futuro de Coquimbo.<\/p>\n","protected":false},"excerpt":{"rendered":"<p>Dirigentes gremiales de la comuna de La Higuera, ubicada en la regi\u00f3n de Coquimbo, se reunieron con el director ejecutivo del Servicio de Evaluaci\u00f3n Ambiental (SEA), Arturo Far\u00edas, para exigir el r\u00e1pido avance del proyecto Dominga. Esta importante iniciativa, que ha estado en discusi\u00f3n a nivel nacional por m\u00e1s de diez a\u00f1os, es clave para [&hellip;]<\/p>\n","protected":false},"author":2,"featured_media":29638,"comment_status":"closed","ping_status":"open","sticky":false,"template":"","format":"standard","meta":{"_jetpack_newsletter_access":"","_jetpack_dont_email_post_to_subs":false,"_jetpack_newsletter_tier_id":0,"_jetpack_memberships_contains_paywalled_content":false,"_jetpack_feature_clip_id":0,"_jetpack_memberships_contains_paid_content":false,"jnews-multi-image_gallery":[],"jnews_single_post":[],"jnews_primary_category":[],"jnews_social_meta":[],"jnews_paywall_metabox":[],"jnews_review":[],"enable_review":"","type":"","name":"","summary":"","brand":"","sku":"","good":[],"bad":[],"score_override":"","override_value":"","rating":[],"price":[],"jnews_override_counter":[],"jnews_post_split":[],"footnotes":"","jetpack_post_was_ever_published":false},"categories":[84],"tags":[],"class_list":["post-29639","post","type-post","status-publish","format-standard","has-post-thumbnail","hentry","category-deportes"],"jetpack_sharing_enabled":true,"jetpack_featured_media_url":"https:\/\/laserenaradio.cl\/web\/wp-content\/uploads\/2026\/09\/mediapiaiextstaticimg_webpEvaluacionAmbiental_0_2_s.webp","_links":{"self":[{"href":"https:\/\/laserenaradio.cl\/web\/wp-json\/wp\/v2\/posts\/29639","targetHints":{"allow":["GET"]}}],"collection":[{"href":"https:\/\/laserenaradio.cl\/web\/wp-json\/wp\/v2\/posts"}],"about":[{"href":"https:\/\/laserenaradio.cl\/web\/wp-json\/wp\/v2\/types\/post"}],"author":[{"embeddable":true,"href":"https:\/\/laserenaradio.cl\/web\/wp-json\/wp\/v2\/users\/2"}],"replies":[{"embeddable":true,"href":"https:\/\/laserenaradio.cl\/web\/wp-json\/wp\/v2\/comments?post=29639"}],"version-history":[{"count":1,"href":"https:\/\/laserenaradio.cl\/web\/wp-json\/wp\/v2\/posts\/29639\/revisions"}],"predecessor-version":[{"id":29640,"href":"https:\/\/laserenaradio.cl\/web\/wp-json\/wp\/v2\/posts\/29639\/revisions\/29640"}],"wp:featuredmedia":[{"embeddable":true,"href":"https:\/\/laserenaradio.cl\/web\/wp-json\/wp\/v2\/media\/29638"}],"wp:attachment":[{"href":"https:\/\/laserenaradio.cl\/web\/wp-json\/wp\/v2\/media?parent=29639"}],"wp:term":[{"taxonomy":"category","embeddable":true,"href":"https:\/\/laserenaradio.cl\/web\/wp-json\/wp\/v2\/categories?post=29639"},{"taxonomy":"post_tag","embeddable":true,"href":"https:\/\/laserenaradio.cl\/web\/wp-json\/wp\/v2\/tags?post=29639"}],"curies":[{"name":"wp","href":"https:\/\/api.w.org\/{rel}","templated":true}]}}