{"id":29633,"date":"2026-09-01T19:46:05","date_gmt":"2026-09-01T22:46:05","guid":{"rendered":"https:\/\/laserenaradio.cl\/web\/?p=29633"},"modified":"2026-09-01T19:46:05","modified_gmt":"2026-09-01T22:46:05","slug":"emiten-un-aviso-por-viento-normal-a-moderado-en-cordillera-de-las-regiones-de-coquimbo-y-valparaiso-2","status":"publish","type":"post","link":"https:\/\/laserenaradio.cl\/web\/2026\/09\/01\/emiten-un-aviso-por-viento-normal-a-moderado-en-cordillera-de-las-regiones-de-coquimbo-y-valparaiso-2\/","title":{"rendered":"Emiten un Aviso por Viento Normal a Moderado en cordillera de las regiones de Coquimbo y Valpara\u00edso"},"content":{"rendered":"<p>Desde la Direcci\u00f3n Meteorol\u00f3gica de Chile, emitieron el Aviso A463\/2026 por Viento debido a la condici\u00f3n sin\u00f3ptica Corriente en chorro.<\/p>\n<p>En detalle, la <a href=\"http:\/\/www.meteochile.gob.cl\/PortalDMC-web\/index.xhtml\" rel=\"nofollow\">Direcci\u00f3n Meteorol\u00f3gica de Chile<\/a>, indica que este fen\u00f3meno se encontrar\u00e1 vigente desde <strong>la madrugada del jueves 03 de septiembre del 2026<\/strong> y hasta <strong>la noche del jueves 03 de septiembre del 2026<\/strong>.<\/p>\n<p>Las zonas afectadas por la condici\u00f3n ser\u00edan: Coquimbo (Cordillera)<br \/>Valpara\u00edso (Cordillera)<\/p>\n<p>Debido a esta condici\u00f3n, se llama a tener precauci\u00f3n y cautela por el Aviso vigente por Viento Normal a Moderado en cordillera de las regiones de Coquimbo y Valpara\u00edso.<\/p>\n","protected":false},"excerpt":{"rendered":"<p>Desde la Direcci\u00f3n Meteorol\u00f3gica de Chile, emitieron el Aviso A463\/2026 por Viento debido a la condici\u00f3n sin\u00f3ptica Corriente en chorro. En detalle, la Direcci\u00f3n Meteorol\u00f3gica de Chile, indica que este fen\u00f3meno se encontrar\u00e1 vigente desde la madrugada del jueves 03 de septiembre del 2026 y hasta la noche del jueves 03 de septiembre del 2026. [&hellip;]<\/p>\n","protected":false},"author":2,"featured_media":29632,"comment_status":"closed","ping_status":"open","sticky":false,"template":"","format":"standard","meta":{"_jetpack_newsletter_access":"","_jetpack_dont_email_post_to_subs":false,"_jetpack_newsletter_tier_id":0,"_jetpack_memberships_contains_paywalled_content":false,"_jetpack_feature_clip_id":0,"_jetpack_memberships_contains_paid_content":false,"jnews-multi-image_gallery":[],"jnews_single_post":[],"jnews_primary_category":[],"jnews_social_meta":[],"jnews_paywall_metabox":[],"jnews_review":[],"enable_review":"","type":"","name":"","summary":"","brand":"","sku":"","good":[],"bad":[],"score_override":"","override_value":"","rating":[],"price":[],"jnews_override_counter":[],"jnews_post_split":[],"footnotes":"","jetpack_post_was_ever_published":false},"categories":[84],"tags":[],"class_list":["post-29633","post","type-post","status-publish","format-standard","has-post-thumbnail","hentry","category-deportes"],"jetpack_sharing_enabled":true,"jetpack_featured_media_url":"https:\/\/laserenaradio.cl\/web\/wp-content\/uploads\/2026\/09\/mediapiaiextstaticimg_webpcustom_ffe07e23.webp","_links":{"self":[{"href":"https:\/\/laserenaradio.cl\/web\/wp-json\/wp\/v2\/posts\/29633","targetHints":{"allow":["GET"]}}],"collection":[{"href":"https:\/\/laserenaradio.cl\/web\/wp-json\/wp\/v2\/posts"}],"about":[{"href":"https:\/\/laserenaradio.cl\/web\/wp-json\/wp\/v2\/types\/post"}],"author":[{"embeddable":true,"href":"https:\/\/laserenaradio.cl\/web\/wp-json\/wp\/v2\/users\/2"}],"replies":[{"embeddable":true,"href":"https:\/\/laserenaradio.cl\/web\/wp-json\/wp\/v2\/comments?post=29633"}],"version-history":[{"count":1,"href":"https:\/\/laserenaradio.cl\/web\/wp-json\/wp\/v2\/posts\/29633\/revisions"}],"predecessor-version":[{"id":29634,"href":"https:\/\/laserenaradio.cl\/web\/wp-json\/wp\/v2\/posts\/29633\/revisions\/29634"}],"wp:featuredmedia":[{"embeddable":true,"href":"https:\/\/laserenaradio.cl\/web\/wp-json\/wp\/v2\/media\/29632"}],"wp:attachment":[{"href":"https:\/\/laserenaradio.cl\/web\/wp-json\/wp\/v2\/media?parent=29633"}],"wp:term":[{"taxonomy":"category","embeddable":true,"href":"https:\/\/laserenaradio.cl\/web\/wp-json\/wp\/v2\/categories?post=29633"},{"taxonomy":"post_tag","embeddable":true,"href":"https:\/\/laserenaradio.cl\/web\/wp-json\/wp\/v2\/tags?post=29633"}],"curies":[{"name":"wp","href":"https:\/\/api.w.org\/{rel}","templated":true}]}}