{"id":29630,"date":"2026-09-01T19:35:44","date_gmt":"2026-09-01T22:35:44","guid":{"rendered":"https:\/\/laserenaradio.cl\/web\/?p=29630"},"modified":"2026-09-01T19:35:44","modified_gmt":"2026-09-01T22:35:44","slug":"fiscalia-presenta-acusacion-de-violacion-y-abuso-sexual-contra-manuel-monsalve-con-vasta-prueba-e-involucramiento-de-altos-funcionarios","status":"publish","type":"post","link":"https:\/\/laserenaradio.cl\/web\/2026\/09\/01\/fiscalia-presenta-acusacion-de-violacion-y-abuso-sexual-contra-manuel-monsalve-con-vasta-prueba-e-involucramiento-de-altos-funcionarios\/","title":{"rendered":"Fiscal\u00eda presenta acusaci\u00f3n de violaci\u00f3n y abuso sexual contra Manuel Monsalve con vasta prueba e involucramiento de altos funcionarios."},"content":{"rendered":"<p>Despert\u00f3 semidesnuda, desorientada y con fuertes dolores, sin poder recordar c\u00f3mo hab\u00eda llegado hasta la habitaci\u00f3n 719 del Hotel Panamericano. A su lado estaba Manuel Monsalve, entonces subsecretario del Interior y su superior directo. Esta escena constituye el n\u00facleo de la acusaci\u00f3n de la <a href=\"https:\/\/www.fiscaliadechile.cl\/\">Fiscal\u00eda<\/a>, la cual busca condenar a Monsalve por delitos de violaci\u00f3n y abuso sexual.<\/p>\n<p>El escrito de 73 p\u00e1ginas fue presentado ante el 7\u00ba Juzgado de Garant\u00eda de Santiago. La <a href=\"https:\/\/www.fiscaliadechile.cl\/\">Fiscal\u00eda<\/a> Regional Metropolitana Centro Norte, liderada por Francisco Jacir, acusa a Monsalve como responsable de dos delitos sexuales consumados. Para fundamentar su proceso judicial, ofrecen 106 documentos, 49 grupos de evidencias materiales y otros 65 conjuntos de fotograf\u00edas y videos, detallando la acumulaci\u00f3n de prueba. Adem\u00e1s, se ha presentado una n\u00f3mina amplia de 89 testigos y 21 peritos para el futuro juicio oral.<\/p>\n<p>La audiencia de preparaci\u00f3n del juicio oral se ha fijado para el 5 de octubre. Seg\u00fan el Ministerio P\u00fablico, la noche del 22 de septiembre de 2024, Monsalve se reuni\u00f3 con la v\u00edctima en el restaurante Aj\u00ed Seco M\u00edstico, en el centro de Santiago. Las sospechas indican que, tras consumir alcohol, el entonces subsecretario la habr\u00eda llevado al Hotel Panamericano. La <a href=\"https:\/\/www.fiscaliadechile.cl\/\">Fiscal\u00eda<\/a> sostiene que en la madrugada del 23 de septiembre, Monsalve habr\u00eda cometido el primero de los delitos cuando la v\u00edctima estaba incapaz para oponer resistencia. A la ma\u00f1ana siguiente, en la habitaci\u00f3n, se habr\u00eda consumado el segundo abuso sexual.<\/p>\n<p>El Ministerio P\u00fablico enfatiza que, aunque reconocen la atenuante de irreprochable conducta anterior, tambi\u00e9n invoca una agravante: Monsalve era una alta autoridad p\u00fablica y superior jer\u00e1rquico de la denunciante, asesora de su gabinete. La v\u00edctima figura entre los 89 testigos requeridos, quienes testificar\u00e1n sobre las circunstancias de las agresiones y las consecuencias f\u00edsicas y psicol\u00f3gicas sufridas tras los eventos en el Hotel Panamericano.<\/p>\n<p>Otros testigos de la acusaci\u00f3n incluyen a figuras p\u00fablicas como Gabriel Boric y Carolina Toh\u00e1, adem\u00e1s de altos funcionarios de la <a href=\"https:\/\/www.pdichile.cl\/\">PDI<\/a>. Aunque no fueron testigos presenciales de los delitos, se busca interrogarlos sobre su relaci\u00f3n profesional con Monsalve y los relatos recibidos en el marco del Gobierno. La evidencia ofrecida es sumamente compleja, incluyendo informes sexol\u00f3gicos, an\u00e1lisis de ADN, pericias bioqu\u00edmicas, y m\u00faltiples registros digitales como conversaciones de WhatsApp, llamadas, y c\u00e1maras de seguridad. Estos antecedentes detallan las actuaciones realizadas por unidades de Inteligencia despu\u00e9s de los hechos, desde gestiones en el Hotel Panamericano hasta el rastreo de dispositivos.<\/p>\n<p>La defensa de la denunciante, Mar\u00eda Elena Santib\u00e1\u00f1ez, destac\u00f3 la importancia de la fecha fijada para la preparaci\u00f3n del juicio oral. En esta etapa crucial, el tribunal deber\u00e1 resolver la admisibilidad de los 89 testigos y 21 peritos ofrecidos por la <a href=\"https:\/\/www.fiscaliadechile.cl\/\">Fiscal\u00eda<\/a>. El proceso judicial buscar\u00e1 probar cada detalle: la cena, el taxi, la habitaci\u00f3n 719, los mensajes de texto, y las muestras biol\u00f3gicas que sustentan la acusaci\u00f3n de abuso sexual.<\/p>\n","protected":false},"excerpt":{"rendered":"<p>Despert\u00f3 semidesnuda, desorientada y con fuertes dolores, sin poder recordar c\u00f3mo hab\u00eda llegado hasta la habitaci\u00f3n 719 del Hotel Panamericano. A su lado estaba Manuel Monsalve, entonces subsecretario del Interior y su superior directo. Esta escena constituye el n\u00facleo de la acusaci\u00f3n de la Fiscal\u00eda, la cual busca condenar a Monsalve por delitos de violaci\u00f3n [&hellip;]<\/p>\n","protected":false},"author":2,"featured_media":29629,"comment_status":"closed","ping_status":"open","sticky":false,"template":"","format":"standard","meta":{"_jetpack_newsletter_access":"","_jetpack_dont_email_post_to_subs":false,"_jetpack_newsletter_tier_id":0,"_jetpack_memberships_contains_paywalled_content":false,"_jetpack_feature_clip_id":0,"_jetpack_memberships_contains_paid_content":false,"jnews-multi-image_gallery":[],"jnews_single_post":[],"jnews_primary_category":[],"jnews_social_meta":[],"jnews_paywall_metabox":[],"jnews_review":[],"enable_review":"","type":"","name":"","summary":"","brand":"","sku":"","good":[],"bad":[],"score_override":"","override_value":"","rating":[],"price":[],"jnews_override_counter":[],"jnews_post_split":[],"footnotes":"","jetpack_post_was_ever_published":false},"categories":[84],"tags":[],"class_list":["post-29630","post","type-post","status-publish","format-standard","has-post-thumbnail","hentry","category-deportes"],"jetpack_sharing_enabled":true,"jetpack_featured_media_url":"https:\/\/laserenaradio.cl\/web\/wp-content\/uploads\/2026\/09\/mediapiaiextstaticimg_webpcustom_e24c348a.webp","_links":{"self":[{"href":"https:\/\/laserenaradio.cl\/web\/wp-json\/wp\/v2\/posts\/29630","targetHints":{"allow":["GET"]}}],"collection":[{"href":"https:\/\/laserenaradio.cl\/web\/wp-json\/wp\/v2\/posts"}],"about":[{"href":"https:\/\/laserenaradio.cl\/web\/wp-json\/wp\/v2\/types\/post"}],"author":[{"embeddable":true,"href":"https:\/\/laserenaradio.cl\/web\/wp-json\/wp\/v2\/users\/2"}],"replies":[{"embeddable":true,"href":"https:\/\/laserenaradio.cl\/web\/wp-json\/wp\/v2\/comments?post=29630"}],"version-history":[{"count":1,"href":"https:\/\/laserenaradio.cl\/web\/wp-json\/wp\/v2\/posts\/29630\/revisions"}],"predecessor-version":[{"id":29631,"href":"https:\/\/laserenaradio.cl\/web\/wp-json\/wp\/v2\/posts\/29630\/revisions\/29631"}],"wp:featuredmedia":[{"embeddable":true,"href":"https:\/\/laserenaradio.cl\/web\/wp-json\/wp\/v2\/media\/29629"}],"wp:attachment":[{"href":"https:\/\/laserenaradio.cl\/web\/wp-json\/wp\/v2\/media?parent=29630"}],"wp:term":[{"taxonomy":"category","embeddable":true,"href":"https:\/\/laserenaradio.cl\/web\/wp-json\/wp\/v2\/categories?post=29630"},{"taxonomy":"post_tag","embeddable":true,"href":"https:\/\/laserenaradio.cl\/web\/wp-json\/wp\/v2\/tags?post=29630"}],"curies":[{"name":"wp","href":"https:\/\/api.w.org\/{rel}","templated":true}]}}