{"id":29627,"date":"2026-09-01T19:27:03","date_gmt":"2026-09-01T22:27:03","guid":{"rendered":"https:\/\/laserenaradio.cl\/web\/?p=29627"},"modified":"2026-09-01T19:27:03","modified_gmt":"2026-09-01T22:27:03","slug":"gobierno-y-municipio-de-coquimbo-coordinan-preparacion-de-la-pampilla-para-recibir-a-cerca-de-200-mil-personas","status":"publish","type":"post","link":"https:\/\/laserenaradio.cl\/web\/2026\/09\/01\/gobierno-y-municipio-de-coquimbo-coordinan-preparacion-de-la-pampilla-para-recibir-a-cerca-de-200-mil-personas\/","title":{"rendered":"Gobierno y Municipio de Coquimbo coordinan preparaci\u00f3n de La Pampilla para recibir a cerca de 200 mil personas"},"content":{"rendered":"<p>Autoridades trabajan de manera conjunta en materias de seguridad, salud, transporte y apoyo a la actividad econ\u00f3mica, con el objetivo de generar las mejores condiciones para quienes participen de una nueva edici\u00f3n de la tradicional fiesta de La Pampilla.<\/p>\n<p>Inicia septiembre y con ello se intensifican los preparativos para las celebraciones de Fiestas Patrias en la Regi\u00f3n de Coquimbo, donde uno de los principales hitos ser\u00e1 una nueva edici\u00f3n de La Pampilla, considerada la fiesta m\u00e1s grande de Chile.<\/p>\n<p>Con una convocatoria que podr\u00eda superar las 200 mil personas, el Gobierno, sus distintos servicios p\u00fablicos y la Municipalidad de Coquimbo avanzan de manera conjunta en las coordinaciones necesarias para garantizar condiciones adecuadas de seguridad, salud, transporte y funcionamiento del recinto, adem\u00e1s de fortalecer el impacto que esta celebraci\u00f3n tendr\u00e1 en la reactivaci\u00f3n econ\u00f3mica de la comuna y la regi\u00f3n.<\/p>\n<p>El Delegado Presidencial Regional de Coquimbo, V\u00edctor Pino, destac\u00f3 que la planificaci\u00f3n busca anticiparse a las necesidades que genera un evento de esta magnitud y entregar tranquilidad a quienes lleguen hasta el recinto.<\/p>\n<p>\u201cEsperamos recibir cerca de 200 mil personas, cifra que incluso podr\u00eda ser mayor, y queremos que todas ellas cuenten con las mejores condiciones para disfrutar de estas Fiestas Patrias. Lo m\u00e1s importante es que las familias puedan vivir esta celebraci\u00f3n con tranquilidad y sentirse seguras durante toda su estad\u00eda en La Pampilla\u201d, se\u00f1al\u00f3.<\/p>\n<p>Por su parte, el Alcalde de Coquimbo, Ali Manouchehri, relev\u00f3 el car\u00e1cter solidario y de reactivaci\u00f3n que tendr\u00e1 esta versi\u00f3n de La Pampilla. \u201cEsta es una Pampilla que tiene una caracter\u00edstica solidaria, porque vamos a salir en apoyo de los vecinos m\u00e1s afectados, pero tambi\u00e9n tiene una caracter\u00edstica de reactivaci\u00f3n. Ese trabajo de coordinaci\u00f3n en conjunto con el Gobierno es lo que nosotros pretendemos seguir fortaleciendo, para poder recibir a todas las familias que vengan a disfrutar, a pasarlo bien y a sentirse seguras en un espacio que nosotros hemos ido trabajando como municipio para tenerlo en \u00f3ptimas condiciones\u201d, sostuvo el edil.<\/p>\n<p>Servicios p\u00fablicos refuerzan medidas para una Pampilla segura.<\/p>\n<p>Uno de los principales \u00e1mbitos de coordinaci\u00f3n corresponde a las condiciones sanitarias que deber\u00e1 cumplir el recinto. La Seremi de Salud, Karen Irribarra, explic\u00f3 que el trabajo comenz\u00f3 con varios meses de anticipaci\u00f3n.<\/p>\n<p>\u201cEmpezamos a trabajar hace tres meses para que la fiesta m\u00e1s grande de Chile cuente con las condiciones sanitarias adecuadas. Hemos solicitado una mayor cantidad de ba\u00f1os p\u00fablicos, equipos de emergencia, desfibriladores y una serie de medidas que permitan mejorar las condiciones del recinto y entregar todas las facilidades que las personas puedan necesitar durante su estad\u00eda en La Pampilla\u201d, indic\u00f3.<\/p>\n<p>Por su parte, el Seremi de Transportes y Telecomunicaciones, Marcelo Rojas, se\u00f1al\u00f3 que ya se encuentran definidas distintas medidas destinadas a facilitar el desplazamiento de quienes concurran al evento.<\/p>\n<p>\u201cTenemos listas las resoluciones para el transporte p\u00fablico menor y mayor, adem\u00e1s de las modificaciones necesarias en los recorridos de los buses el\u00e9ctricos. Tambi\u00e9n vamos a desplegar nuestra unidad de fiscalizaci\u00f3n para apoyar especialmente la salida del evento. La Pampilla requiere una coordinaci\u00f3n importante y cuando las instituciones trabajan en conjunto podemos entregar mejores condiciones de transporte y seguridad a las personas\u201d, sostuvo.<\/p>\n<p>A ello se suma el impacto que una celebraci\u00f3n de esta magnitud puede generar en la actividad econ\u00f3mica de la comuna y la regi\u00f3n. El Seremi de Econom\u00eda, Mart\u00edn Argaluza, destac\u00f3 que La Pampilla tambi\u00e9n representa una oportunidad para contribuir al proceso de reactivaci\u00f3n regional. \u201cCreemos que va a ser un impulso a las medidas econ\u00f3micas, junto con las otras medidas que el Gobierno est\u00e1 tomando en apoyo a la afectaci\u00f3n que ha tenido la regi\u00f3n por estos temporales\u201d, afirm\u00f3.<\/p>\n","protected":false},"excerpt":{"rendered":"<p>Autoridades trabajan de manera conjunta en materias de seguridad, salud, transporte y apoyo a la actividad econ\u00f3mica, con el objetivo de generar las mejores condiciones para quienes participen de una nueva edici\u00f3n de la tradicional fiesta de La Pampilla. Inicia septiembre y con ello se intensifican los preparativos para las celebraciones de Fiestas Patrias en [&hellip;]<\/p>\n","protected":false},"author":2,"featured_media":29626,"comment_status":"closed","ping_status":"open","sticky":false,"template":"","format":"standard","meta":{"_jetpack_newsletter_access":"","_jetpack_dont_email_post_to_subs":false,"_jetpack_newsletter_tier_id":0,"_jetpack_memberships_contains_paywalled_content":false,"_jetpack_feature_clip_id":0,"_jetpack_memberships_contains_paid_content":false,"jnews-multi-image_gallery":[],"jnews_single_post":[],"jnews_primary_category":[],"jnews_social_meta":[],"jnews_paywall_metabox":[],"jnews_review":[],"enable_review":"","type":"","name":"","summary":"","brand":"","sku":"","good":[],"bad":[],"score_override":"","override_value":"","rating":[],"price":[],"jnews_override_counter":[],"jnews_post_split":[],"footnotes":"","jetpack_post_was_ever_published":false},"categories":[84],"tags":[],"class_list":["post-29627","post","type-post","status-publish","format-standard","has-post-thumbnail","hentry","category-deportes"],"jetpack_sharing_enabled":true,"jetpack_featured_media_url":"https:\/\/laserenaradio.cl\/web\/wp-content\/uploads\/2026\/09\/mediapiaiextstaticimg_webpFiestasPatriasDelegadoPresidencialVictorPinoAliManouchehriKarenIrribarraMarceloRojas_source.webp","_links":{"self":[{"href":"https:\/\/laserenaradio.cl\/web\/wp-json\/wp\/v2\/posts\/29627","targetHints":{"allow":["GET"]}}],"collection":[{"href":"https:\/\/laserenaradio.cl\/web\/wp-json\/wp\/v2\/posts"}],"about":[{"href":"https:\/\/laserenaradio.cl\/web\/wp-json\/wp\/v2\/types\/post"}],"author":[{"embeddable":true,"href":"https:\/\/laserenaradio.cl\/web\/wp-json\/wp\/v2\/users\/2"}],"replies":[{"embeddable":true,"href":"https:\/\/laserenaradio.cl\/web\/wp-json\/wp\/v2\/comments?post=29627"}],"version-history":[{"count":1,"href":"https:\/\/laserenaradio.cl\/web\/wp-json\/wp\/v2\/posts\/29627\/revisions"}],"predecessor-version":[{"id":29628,"href":"https:\/\/laserenaradio.cl\/web\/wp-json\/wp\/v2\/posts\/29627\/revisions\/29628"}],"wp:featuredmedia":[{"embeddable":true,"href":"https:\/\/laserenaradio.cl\/web\/wp-json\/wp\/v2\/media\/29626"}],"wp:attachment":[{"href":"https:\/\/laserenaradio.cl\/web\/wp-json\/wp\/v2\/media?parent=29627"}],"wp:term":[{"taxonomy":"category","embeddable":true,"href":"https:\/\/laserenaradio.cl\/web\/wp-json\/wp\/v2\/categories?post=29627"},{"taxonomy":"post_tag","embeddable":true,"href":"https:\/\/laserenaradio.cl\/web\/wp-json\/wp\/v2\/tags?post=29627"}],"curies":[{"name":"wp","href":"https:\/\/api.w.org\/{rel}","templated":true}]}}