{"id":29621,"date":"2026-09-01T19:12:50","date_gmt":"2026-09-01T22:12:50","guid":{"rendered":"https:\/\/laserenaradio.cl\/web\/?p=29621"},"modified":"2026-09-01T19:12:50","modified_gmt":"2026-09-01T22:12:50","slug":"independiente-vende-a-maximiliano-gutierrez-a-dynamo-moscu-por-7-millones-de-euros","status":"publish","type":"post","link":"https:\/\/laserenaradio.cl\/web\/2026\/09\/01\/independiente-vende-a-maximiliano-gutierrez-a-dynamo-moscu-por-7-millones-de-euros\/","title":{"rendered":"Independiente vende a Maximiliano Guti\u00e9rrez a Dynamo Mosc\u00fa por 7 millones de euros."},"content":{"rendered":"<p>A horas del cierre del mercado de pases, Independiente acord\u00f3 de palabra la venta del futbolista Maximiliano Guti\u00e9rrez al Dynamo Mosc\u00fa. Seg\u00fan el medio trasandino TyC Sports, el extremo nacional se marcha al f\u00fatbol ruso por 7 millones de euros, lo que sella el traspaso de Guti\u00e9rrez al club europeo. El club de Avellaneda ya est\u00e1 intercambiando la documentaci\u00f3n necesaria para cerrar definitivamente la transferencia internacional.<\/p>\n<p>Guti\u00e9rrez lleg\u00f3 a Independiente en febrero de 2026 procedente de Huachipato, realizando as\u00ed un paso breve por el club de Avellaneda. Durante su tiempo en el equipo, disput\u00f3 17 partidos, sumando cuatro goles y dos asistencias en el contexto del f\u00fatbol argentino.<\/p>\n<p>La operaci\u00f3n presenta un detalle econ\u00f3mico crucial para las cuentas de Independiente. Dado que el club posee el 50% de los derechos econ\u00f3micos de Guti\u00e9rrez, le corresponder\u00e1n 3,5 millones de euros del monto total. No obstante, antes de completar la venta, el club argentino debe saldar una deuda de dos millones de d\u00f3lares con los due\u00f1os del jugador por el pasado traspaso. Por ello, el ingreso neto para el club se estimar\u00eda en unos dos millones de d\u00f3lares.<\/p>\n<p>Esta no es la primera vez que el jugador recibe una propuesta de transferencia desde Rusia. En junio pasado, Krasnodar hab\u00eda ofertado seis millones de d\u00f3lares por el futbolista, una propuesta que Independiente rechaz\u00f3. Tras varias negociaciones, fue Dynamo Mosc\u00fa quien avanz\u00f3 con decisi\u00f3n, consiguiendo as\u00ed el traspaso del formado en Huachipato, donde debut\u00f3 profesionalmente en 2022.<\/p>\n","protected":false},"excerpt":{"rendered":"<p>A horas del cierre del mercado de pases, Independiente acord\u00f3 de palabra la venta del futbolista Maximiliano Guti\u00e9rrez al Dynamo Mosc\u00fa. Seg\u00fan el medio trasandino TyC Sports, el extremo nacional se marcha al f\u00fatbol ruso por 7 millones de euros, lo que sella el traspaso de Guti\u00e9rrez al club europeo. El club de Avellaneda ya [&hellip;]<\/p>\n","protected":false},"author":2,"featured_media":29620,"comment_status":"closed","ping_status":"open","sticky":false,"template":"","format":"standard","meta":{"_jetpack_newsletter_access":"","_jetpack_dont_email_post_to_subs":false,"_jetpack_newsletter_tier_id":0,"_jetpack_memberships_contains_paywalled_content":false,"_jetpack_feature_clip_id":0,"_jetpack_memberships_contains_paid_content":false,"jnews-multi-image_gallery":[],"jnews_single_post":[],"jnews_primary_category":[],"jnews_social_meta":[],"jnews_paywall_metabox":[],"jnews_review":[],"enable_review":"","type":"","name":"","summary":"","brand":"","sku":"","good":[],"bad":[],"score_override":"","override_value":"","rating":[],"price":[],"jnews_override_counter":[],"jnews_post_split":[],"footnotes":"","jetpack_post_was_ever_published":false},"categories":[21],"tags":[],"class_list":["post-29621","post","type-post","status-publish","format-standard","has-post-thumbnail","hentry","category-nacional"],"jetpack_sharing_enabled":true,"jetpack_featured_media_url":"https:\/\/laserenaradio.cl\/web\/wp-content\/uploads\/2026\/09\/mediapiaiextstaticimg_webpDynamoMoscu_0_0_s.webp","_links":{"self":[{"href":"https:\/\/laserenaradio.cl\/web\/wp-json\/wp\/v2\/posts\/29621","targetHints":{"allow":["GET"]}}],"collection":[{"href":"https:\/\/laserenaradio.cl\/web\/wp-json\/wp\/v2\/posts"}],"about":[{"href":"https:\/\/laserenaradio.cl\/web\/wp-json\/wp\/v2\/types\/post"}],"author":[{"embeddable":true,"href":"https:\/\/laserenaradio.cl\/web\/wp-json\/wp\/v2\/users\/2"}],"replies":[{"embeddable":true,"href":"https:\/\/laserenaradio.cl\/web\/wp-json\/wp\/v2\/comments?post=29621"}],"version-history":[{"count":1,"href":"https:\/\/laserenaradio.cl\/web\/wp-json\/wp\/v2\/posts\/29621\/revisions"}],"predecessor-version":[{"id":29622,"href":"https:\/\/laserenaradio.cl\/web\/wp-json\/wp\/v2\/posts\/29621\/revisions\/29622"}],"wp:featuredmedia":[{"embeddable":true,"href":"https:\/\/laserenaradio.cl\/web\/wp-json\/wp\/v2\/media\/29620"}],"wp:attachment":[{"href":"https:\/\/laserenaradio.cl\/web\/wp-json\/wp\/v2\/media?parent=29621"}],"wp:term":[{"taxonomy":"category","embeddable":true,"href":"https:\/\/laserenaradio.cl\/web\/wp-json\/wp\/v2\/categories?post=29621"},{"taxonomy":"post_tag","embeddable":true,"href":"https:\/\/laserenaradio.cl\/web\/wp-json\/wp\/v2\/tags?post=29621"}],"curies":[{"name":"wp","href":"https:\/\/api.w.org\/{rel}","templated":true}]}}