{"id":29618,"date":"2026-09-01T19:01:50","date_gmt":"2026-09-01T22:01:50","guid":{"rendered":"https:\/\/laserenaradio.cl\/web\/?p=29618"},"modified":"2026-09-01T19:01:50","modified_gmt":"2026-09-01T22:01:50","slug":"doble-realidad-laboral-desempleo-alto-en-chile-y-mejora-entre-migrantes","status":"publish","type":"post","link":"https:\/\/laserenaradio.cl\/web\/2026\/09\/01\/doble-realidad-laboral-desempleo-alto-en-chile-y-mejora-entre-migrantes\/","title":{"rendered":"Doble realidad laboral: Desempleo alto en Chile y mejora entre migrantes"},"content":{"rendered":"<p>Dos realidades opuestas est\u00e1 dejando el deterioro del mercado laboral en Chile. Mientras entre los trabajadores chilenos la tasa de desempleo se empin\u00f3 hasta el 9,9% y qued\u00f3 virtualmente en dos d\u00edgitos, entre la poblaci\u00f3n migrante la historia es otra: el indicador de desocupaci\u00f3n cay\u00f3 y se situ\u00f3 en 6,5%, seg\u00fan las \u00faltimas cifras del Instituto Nacional de Estad\u00edsticas (<a href=\"http:\/\/www.ine.cl\/\">INE<\/a>).<\/p>\n<p>Niveles que se tradujeron en que la desocupaci\u00f3n de los trabajadores locales aument\u00f3 1,2 puntos porcentuales, desde el 8,7%; en tanto que aquella de los inmigrantes retrocedi\u00f3 1,9 puntos, desde el 8,4%.<\/p>\n<p>Pero detr\u00e1s de esta aparente mejor\u00eda en el empleo entre los migrantes hay varios elementos que matizan el panorama del mercado laboral.<\/p>\n<p>El director del Observatorio del Contexto Econ\u00f3mico de la Universidad Diego Portales (OCEC UDP), Juan Bravo, explic\u00f3 que el contraste en el mercado laboral responde a que la fuerza laboral chilena creci\u00f3 un 0,9% anual en julio y el empleo descendi\u00f3 0,3%; y entre los extranjeros ocurri\u00f3 lo contrario: la primera disminuy\u00f3 1% y la ocupaci\u00f3n subi\u00f3 1,1%.<\/p>\n<p>\u201cTenemos claramente un panorama dual, donde la fuerza laboral de nacionalidad chilena sube fuertemente su tasa de desempleo y, en cambio, en el segmento de extranjeros se est\u00e1 reduciendo de manera muy importante el empleo\u201d, plante\u00f3 el experto.<\/p>\n<p>Pero, \u00bfqu\u00e9 est\u00e1 ocurriendo en la din\u00e1mica migratoria?<\/p>\n<p>Para Bravo, una parte importante de esta din\u00e1mica observada en el mercado laboral lo protagoniza la poblaci\u00f3n venezolana residente en Chile.<\/p>\n<p>Actualmente, las cifras oficiales muestran que hay 1.097.082 extranjeros en la fuerza laboral, de los cuales poco m\u00e1s de 1,02 millones est\u00e1n ocupados. Los desocupados, en tanto, disminuyeron 23,6% en doce meses.<\/p>\n<p>De acuerdo con los c\u00e1lculos del economista a partir de la Encuesta Nacional de Empleo (ENE), ya se acumulan nueve meses consecutivos de ca\u00edda tanto de la poblaci\u00f3n venezolana como de su fuerza laboral. Esta \u00faltima disminuy\u00f3 8,2% en doce meses.<\/p>\n<p>\u201cEste fen\u00f3meno no ha parado. Claramente no era algo transitorio ni puntual, esto ya es una tendencia en la fuerza laboral venezolana\u201d, afirm\u00f3. Y precis\u00f3 que la reducci\u00f3n de la fuerza laboral venezolana no obedece principalmente a que estas personas est\u00e9n pasando a la inactividad, sino a una reducci\u00f3n de esa poblaci\u00f3n en Chile.<\/p>\n<p>Por ello, agreg\u00f3, el efecto sobre las cifras agregadas del empleo es relevante debido al peso que tiene esta comunidad. De los casi 1,1 millones de extranjeros que integran actualmente la fuerza laboral, unos 500 mil son venezolanos, es decir, cerca de la mitad.<\/p>\n<p>De hecho, Bravo calcul\u00f3 que si se excluye a los venezolanos, la fuerza laboral del resto de los extranjeros est\u00e1 creciendo 6,1% anual en Chile.<\/p>\n<p>\u201cComo la comunidad venezolana pesa tanto en la fuerza laboral extranjera en Chile, al final el desplome que hay en la fuerza laboral venezolana termina llevando a que la fuerza laboral de todos los inmigrantes est\u00e9 cayendo al 1% anual\u201d, se\u00f1al\u00f3.<\/p>\n<p>El economista advirti\u00f3, eso s\u00ed, que los datos sobre el empleo muestran un proceso gradual. \u201cNo es que est\u00e9n saliendo en masa ni mucho menos\u201d, recalc\u00f3.<\/p>\n<p>Seg\u00fan Bravo, hay otro elemento que relativiza el mejor desempe\u00f1o de los indicadores laborales de los extranjeros: la calidad de los puestos de trabajo que se est\u00e1n creando.<\/p>\n<p>Seg\u00fan el <a href=\"http:\/\/www.ine.cl\/\">INE<\/a>, los puestos de trabajo para extranjeros avanzaron 1,1% anual, impulsada principalmente por comercio, construcci\u00f3n y agricultura y pesca. Sin embargo, por categor\u00eda ocupacional, el crecimiento fue liderado por los trabajadores por cuenta propia, que aumentaron 22,8%, mientras que los asalariados privados retrocedieron un 8% en el mercado laboral chileno.<\/p>\n<p>A ello se suma el avance de la informalidad. Los ocupados informales extranjeros aumentaron 5,4% en un a\u00f1o, hasta 308.680 personas, y la tasa de ocupaci\u00f3n informal lleg\u00f3 a 30,1%, 1,2 puntos porcentuales m\u00e1s que hace doce meses.<\/p>\n<p>El fen\u00f3meno es todav\u00eda m\u00e1s marcado entre los venezolanos. Seg\u00fan los c\u00e1lculos de Bravo, su tasa de ocupaci\u00f3n informal pas\u00f3 de 27,4% a 32,2% en un a\u00f1o, un salto de 4,9 puntos porcentuales.<\/p>\n<p>\u201cEn el caso de los venezolanos se est\u00e1 destruyendo empleo formal en el pa\u00eds. Lo \u00fanico que aumenta es el empleo informal\u201d, sostuvo. En concreto, estima que el empleo formal de este grupo cay\u00f3 14,4% anual, mientras el informal aument\u00f3 8,2%.<\/p>\n<p>La fuerte distancia entre los indicadores podr\u00eda alimentar una lectura habitual en el debate migratorio: que el aumento del empleo extranjero estar\u00eda ocurriendo a costa de puestos de trabajo para los chilenos. Pero Bravo advirti\u00f3 que los datos no respaldan una conclusi\u00f3n tan directa sobre la competencia por el empleo.<\/p>\n<p>Un elemento que ayuda a explicar por qu\u00e9 es la composici\u00f3n de la ocupaci\u00f3n: entre los venezolanos, por ejemplo, el empleo formal cay\u00f3 14,4% en 12 meses y el informal subi\u00f3 8,2%. \u201cLo \u00fanico que aumenta es el empleo informal\u201d, recalc\u00f3.<\/p>\n<p>El economista agreg\u00f3 que atribuir a la migraci\u00f3n un efecto mec\u00e1nico sobre el desempleo local supone mirar solo una parte del mercado laboral. La llegada de inmigrantes, se\u00f1al\u00f3, presiona la oferta de trabajo, pero tambi\u00e9n la demanda por bienes y servicios y, con ello, la necesidad de trabajadores para producirlos.<\/p>\n<p>\u201cNo solo aumenta la fuerza laboral, sino que tambi\u00e9n aumenta la demanda por trabajo, porque cuando llegan estas personas no solo vienen a trabajar, tambi\u00e9n consumen bienes y servicios\u201d, sostuvo. Por eso, a\u00f1adi\u00f3, la evidencia internacional suele encontrar efectos acotados de la migraci\u00f3n sobre los salarios y el empleo de los trabajadores locales.<\/p>\n","protected":false},"excerpt":{"rendered":"<p>Dos realidades opuestas est\u00e1 dejando el deterioro del mercado laboral en Chile. Mientras entre los trabajadores chilenos la tasa de desempleo se empin\u00f3 hasta el 9,9% y qued\u00f3 virtualmente en dos d\u00edgitos, entre la poblaci\u00f3n migrante la historia es otra: el indicador de desocupaci\u00f3n cay\u00f3 y se situ\u00f3 en 6,5%, seg\u00fan las \u00faltimas cifras del [&hellip;]<\/p>\n","protected":false},"author":2,"featured_media":29617,"comment_status":"closed","ping_status":"open","sticky":false,"template":"","format":"standard","meta":{"_jetpack_newsletter_access":"","_jetpack_dont_email_post_to_subs":false,"_jetpack_newsletter_tier_id":0,"_jetpack_memberships_contains_paywalled_content":false,"_jetpack_feature_clip_id":0,"_jetpack_memberships_contains_paid_content":false,"jnews-multi-image_gallery":[],"jnews_single_post":[],"jnews_primary_category":[],"jnews_social_meta":[],"jnews_paywall_metabox":[],"jnews_review":[],"enable_review":"","type":"","name":"","summary":"","brand":"","sku":"","good":[],"bad":[],"score_override":"","override_value":"","rating":[],"price":[],"jnews_override_counter":[],"jnews_post_split":[],"footnotes":"","jetpack_post_was_ever_published":false},"categories":[85],"tags":[],"class_list":["post-29618","post","type-post","status-publish","format-standard","has-post-thumbnail","hentry","category-economia"],"jetpack_sharing_enabled":true,"jetpack_featured_media_url":"https:\/\/laserenaradio.cl\/web\/wp-content\/uploads\/2026\/09\/mediapiaiextstaticimg_webpInstitutoNacional_0_1_s.webp","_links":{"self":[{"href":"https:\/\/laserenaradio.cl\/web\/wp-json\/wp\/v2\/posts\/29618","targetHints":{"allow":["GET"]}}],"collection":[{"href":"https:\/\/laserenaradio.cl\/web\/wp-json\/wp\/v2\/posts"}],"about":[{"href":"https:\/\/laserenaradio.cl\/web\/wp-json\/wp\/v2\/types\/post"}],"author":[{"embeddable":true,"href":"https:\/\/laserenaradio.cl\/web\/wp-json\/wp\/v2\/users\/2"}],"replies":[{"embeddable":true,"href":"https:\/\/laserenaradio.cl\/web\/wp-json\/wp\/v2\/comments?post=29618"}],"version-history":[{"count":1,"href":"https:\/\/laserenaradio.cl\/web\/wp-json\/wp\/v2\/posts\/29618\/revisions"}],"predecessor-version":[{"id":29619,"href":"https:\/\/laserenaradio.cl\/web\/wp-json\/wp\/v2\/posts\/29618\/revisions\/29619"}],"wp:featuredmedia":[{"embeddable":true,"href":"https:\/\/laserenaradio.cl\/web\/wp-json\/wp\/v2\/media\/29617"}],"wp:attachment":[{"href":"https:\/\/laserenaradio.cl\/web\/wp-json\/wp\/v2\/media?parent=29618"}],"wp:term":[{"taxonomy":"category","embeddable":true,"href":"https:\/\/laserenaradio.cl\/web\/wp-json\/wp\/v2\/categories?post=29618"},{"taxonomy":"post_tag","embeddable":true,"href":"https:\/\/laserenaradio.cl\/web\/wp-json\/wp\/v2\/tags?post=29618"}],"curies":[{"name":"wp","href":"https:\/\/api.w.org\/{rel}","templated":true}]}}