{"id":29615,"date":"2026-09-01T18:54:46","date_gmt":"2026-09-01T21:54:46","guid":{"rendered":"https:\/\/laserenaradio.cl\/web\/?p=29615"},"modified":"2026-09-01T18:54:46","modified_gmt":"2026-09-01T21:54:46","slug":"la-serena-fiscalia-formalizo-a-persona-imputada-de-homicidio-frustrado","status":"publish","type":"post","link":"https:\/\/laserenaradio.cl\/web\/2026\/09\/01\/la-serena-fiscalia-formalizo-a-persona-imputada-de-homicidio-frustrado\/","title":{"rendered":"La Serena: Fiscal\u00eda formaliz\u00f3 a persona imputada de homicidio frustrado"},"content":{"rendered":"<p>La Fiscal\u00eda de La Serena formaliz\u00f3 en la investigaci\u00f3n a una mujer, de quien se indaga su participaci\u00f3n en un delito de homicidio frustrado, hecho ocurrido el 29 de agosto pasado.<\/p>\n<p>Seg\u00fan la formalizaci\u00f3n, ese d\u00eda, cerca de las 16:00 horas, en momentos que la v\u00edctima \u2013 hombre, mayor de edad \u2013 transitaba a pie por calle Brasil con Cienfuegos de La Serena, habr\u00eda sido alcanzado por la mujer imputada, quien le propin\u00f3 heridas con un arma blanca.<\/p>\n<p>De acuerdo con la investigaci\u00f3n, la mujer habr\u00eda forcejeado con la v\u00edctima y una vez que esta \u00faltima cayera al suelo, la imputada huy\u00f3 del lugar.<\/p>\n<p>Carabineros ubic\u00f3 posteriormente la motocicleta de la mujer, la cual presentaba manchas de sangre y finalmente la Fiscal\u00eda consigui\u00f3 la orden de aprehensi\u00f3n en su contra.<\/p>\n<p>El fiscal de La Serena, Germ\u00e1n Calqu\u00edn, dijo en la formalizaci\u00f3n que \u201cen la presente jornada se formaliz\u00f3 la investigaci\u00f3n contra una imputada a quien se investiga su participaci\u00f3n de hechos que son constitutivos de homicidio simple en car\u00e1cter de frustrado. Luego de verificada esa situaci\u00f3n procesal, se pidi\u00f3 la prisi\u00f3n preventiva por estimar que la libertad de la imputada constituye un riesgo para la seguridad de la sociedad. Luego de expuestos los antecedentes que hasta este minuto se han allegado, el tribunal accedi\u00f3 a la medida cautelar propuesta\u201d.<\/p>\n<p>En cuanto a los medios de prueba, el fiscal dijo que existe la \u201cdeclaraci\u00f3n de un testigo presencial del hecho que da cuenta de la din\u00e1mica de ocurrencia, registro de video de c\u00e1maras de seguridad y estos antecedentes unidos a otros permitieron al tribunal considerar que se encuentra acreditada la participaci\u00f3n\u201d, agreg\u00f3.<\/p>\n<p>El Juzgado de Garant\u00eda de La Serena concedi\u00f3 60 d\u00edas para terminar las diligencias de investigaci\u00f3n.<\/p>\n","protected":false},"excerpt":{"rendered":"<p>La Fiscal\u00eda de La Serena formaliz\u00f3 en la investigaci\u00f3n a una mujer, de quien se indaga su participaci\u00f3n en un delito de homicidio frustrado, hecho ocurrido el 29 de agosto pasado. Seg\u00fan la formalizaci\u00f3n, ese d\u00eda, cerca de las 16:00 horas, en momentos que la v\u00edctima \u2013 hombre, mayor de edad \u2013 transitaba a pie [&hellip;]<\/p>\n","protected":false},"author":2,"featured_media":29614,"comment_status":"closed","ping_status":"open","sticky":false,"template":"","format":"standard","meta":{"_jetpack_newsletter_access":"","_jetpack_dont_email_post_to_subs":false,"_jetpack_newsletter_tier_id":0,"_jetpack_memberships_contains_paywalled_content":false,"_jetpack_feature_clip_id":0,"_jetpack_memberships_contains_paid_content":false,"jnews-multi-image_gallery":[],"jnews_single_post":[],"jnews_primary_category":[],"jnews_social_meta":[],"jnews_paywall_metabox":[],"jnews_review":[],"enable_review":"","type":"","name":"","summary":"","brand":"","sku":"","good":[],"bad":[],"score_override":"","override_value":"","rating":[],"price":[],"jnews_override_counter":[],"jnews_post_split":[],"footnotes":"","jetpack_post_was_ever_published":false},"categories":[84],"tags":[],"class_list":["post-29615","post","type-post","status-publish","format-standard","has-post-thumbnail","hentry","category-deportes"],"jetpack_sharing_enabled":true,"jetpack_featured_media_url":"https:\/\/laserenaradio.cl\/web\/wp-content\/uploads\/2026\/09\/mediapiaiextstaticimg_webpGermanCalquinSerenaimputadainvestigacionmujerFiscalia_source.webp","_links":{"self":[{"href":"https:\/\/laserenaradio.cl\/web\/wp-json\/wp\/v2\/posts\/29615","targetHints":{"allow":["GET"]}}],"collection":[{"href":"https:\/\/laserenaradio.cl\/web\/wp-json\/wp\/v2\/posts"}],"about":[{"href":"https:\/\/laserenaradio.cl\/web\/wp-json\/wp\/v2\/types\/post"}],"author":[{"embeddable":true,"href":"https:\/\/laserenaradio.cl\/web\/wp-json\/wp\/v2\/users\/2"}],"replies":[{"embeddable":true,"href":"https:\/\/laserenaradio.cl\/web\/wp-json\/wp\/v2\/comments?post=29615"}],"version-history":[{"count":1,"href":"https:\/\/laserenaradio.cl\/web\/wp-json\/wp\/v2\/posts\/29615\/revisions"}],"predecessor-version":[{"id":29616,"href":"https:\/\/laserenaradio.cl\/web\/wp-json\/wp\/v2\/posts\/29615\/revisions\/29616"}],"wp:featuredmedia":[{"embeddable":true,"href":"https:\/\/laserenaradio.cl\/web\/wp-json\/wp\/v2\/media\/29614"}],"wp:attachment":[{"href":"https:\/\/laserenaradio.cl\/web\/wp-json\/wp\/v2\/media?parent=29615"}],"wp:term":[{"taxonomy":"category","embeddable":true,"href":"https:\/\/laserenaradio.cl\/web\/wp-json\/wp\/v2\/categories?post=29615"},{"taxonomy":"post_tag","embeddable":true,"href":"https:\/\/laserenaradio.cl\/web\/wp-json\/wp\/v2\/tags?post=29615"}],"curies":[{"name":"wp","href":"https:\/\/api.w.org\/{rel}","templated":true}]}}