{"id":29609,"date":"2026-08-31T21:02:04","date_gmt":"2026-09-01T00:02:04","guid":{"rendered":"https:\/\/laserenaradio.cl\/web\/?p=29609"},"modified":"2026-08-31T21:02:04","modified_gmt":"2026-09-01T00:02:04","slug":"detienen-a-dos-personas-por-intentar-introducir-droga-en-prision-de-illapel","status":"publish","type":"post","link":"https:\/\/laserenaradio.cl\/web\/2026\/08\/31\/detienen-a-dos-personas-por-intentar-introducir-droga-en-prision-de-illapel\/","title":{"rendered":"Detienen a dos personas por intentar introducir droga en prisi\u00f3n de Illapel"},"content":{"rendered":"<p>Dos personas fueron detenidas por <a href=\"https:\/\/www.carabineros.cl\/\">Carabineros<\/a> en Illapel, en la regi\u00f3n de Coquimbo, luego de ser sorprendidas intentando lanzar droga al interior del Centro de Detenci\u00f3n Preventiva (CDP) de la comuna.<\/p>\n<p>El procedimiento ocurri\u00f3 durante la tarde del domingo en las inmediaciones del recinto penitenciario. Funcionarios de <a href=\"http:\/\/www.gendarmeria.gob.cl\/\">Gendarmer\u00eda<\/a> detectaron la presencia de un hombre y una mujer en una calle colindante, lo que inici\u00f3 la alerta. Seg\u00fan reportes policiales, ambos individuos habr\u00edan estado lanzando objetos hacia la c\u00e1rcel, un hecho que motiv\u00f3 la inmediata intervenci\u00f3n del personal penitenciario y <a href=\"https:\/\/www.carabineros.cl\/\">Carabineros<\/a>.<\/p>\n<p>Tras recibir la alerta, funcionarios de la Cuarta Comisar\u00eda de Illapel se dirigieron al sector. All\u00ed realizaron las diligencias necesarias para detener a los dos involucrados, acusados de infracci\u00f3n a la Ley de Drogas.<\/p>\n<p>De acuerdo con la informaci\u00f3n obtenida por <a href=\"https:\/\/www.carabineros.cl\/\">Carabineros<\/a>, tanto el hombre como la mujer mantienen diversos antecedentes penales. Durante el operativo por droga, las fuerzas policiales lograron incautar un tel\u00e9fono celular y una bolsa pl\u00e1stica que conten\u00eda poco m\u00e1s de 13 gramos de marihuana, confirmando el intento de narcotr\u00e1fico en la zona.<\/p>\n","protected":false},"excerpt":{"rendered":"<p>Dos personas fueron detenidas por Carabineros en Illapel, en la regi\u00f3n de Coquimbo, luego de ser sorprendidas intentando lanzar droga al interior del Centro de Detenci\u00f3n Preventiva (CDP) de la comuna. El procedimiento ocurri\u00f3 durante la tarde del domingo en las inmediaciones del recinto penitenciario. Funcionarios de Gendarmer\u00eda detectaron la presencia de un hombre y [&hellip;]<\/p>\n","protected":false},"author":2,"featured_media":29608,"comment_status":"closed","ping_status":"open","sticky":false,"template":"","format":"standard","meta":{"_jetpack_newsletter_access":"","_jetpack_dont_email_post_to_subs":false,"_jetpack_newsletter_tier_id":0,"_jetpack_memberships_contains_paywalled_content":false,"_jetpack_feature_clip_id":0,"_jetpack_memberships_contains_paid_content":false,"jnews-multi-image_gallery":[],"jnews_single_post":[],"jnews_primary_category":[],"jnews_social_meta":[],"jnews_paywall_metabox":[],"jnews_review":[],"enable_review":"","type":"","name":"","summary":"","brand":"","sku":"","good":[],"bad":[],"score_override":"","override_value":"","rating":[],"price":[],"jnews_override_counter":[],"jnews_post_split":[],"footnotes":"","jetpack_post_was_ever_published":false},"categories":[84],"tags":[],"class_list":["post-29609","post","type-post","status-publish","format-standard","has-post-thumbnail","hentry","category-deportes"],"jetpack_sharing_enabled":true,"jetpack_featured_media_url":"https:\/\/laserenaradio.cl\/web\/wp-content\/uploads\/2026\/08\/mediapiaiextstaticimg_webpCarabineros_0_0_s-1.webp","_links":{"self":[{"href":"https:\/\/laserenaradio.cl\/web\/wp-json\/wp\/v2\/posts\/29609","targetHints":{"allow":["GET"]}}],"collection":[{"href":"https:\/\/laserenaradio.cl\/web\/wp-json\/wp\/v2\/posts"}],"about":[{"href":"https:\/\/laserenaradio.cl\/web\/wp-json\/wp\/v2\/types\/post"}],"author":[{"embeddable":true,"href":"https:\/\/laserenaradio.cl\/web\/wp-json\/wp\/v2\/users\/2"}],"replies":[{"embeddable":true,"href":"https:\/\/laserenaradio.cl\/web\/wp-json\/wp\/v2\/comments?post=29609"}],"version-history":[{"count":1,"href":"https:\/\/laserenaradio.cl\/web\/wp-json\/wp\/v2\/posts\/29609\/revisions"}],"predecessor-version":[{"id":29610,"href":"https:\/\/laserenaradio.cl\/web\/wp-json\/wp\/v2\/posts\/29609\/revisions\/29610"}],"wp:featuredmedia":[{"embeddable":true,"href":"https:\/\/laserenaradio.cl\/web\/wp-json\/wp\/v2\/media\/29608"}],"wp:attachment":[{"href":"https:\/\/laserenaradio.cl\/web\/wp-json\/wp\/v2\/media?parent=29609"}],"wp:term":[{"taxonomy":"category","embeddable":true,"href":"https:\/\/laserenaradio.cl\/web\/wp-json\/wp\/v2\/categories?post=29609"},{"taxonomy":"post_tag","embeddable":true,"href":"https:\/\/laserenaradio.cl\/web\/wp-json\/wp\/v2\/tags?post=29609"}],"curies":[{"name":"wp","href":"https:\/\/api.w.org\/{rel}","templated":true}]}}