{"id":29606,"date":"2026-08-31T20:53:17","date_gmt":"2026-08-31T23:53:17","guid":{"rendered":"https:\/\/laserenaradio.cl\/web\/?p=29606"},"modified":"2026-08-31T20:53:17","modified_gmt":"2026-08-31T23:53:17","slug":"anulan-bono-de-emergencia-para-vivienda-de-delegado-presidencial-de-coquimbo-tras-gestiones-administrativas","status":"publish","type":"post","link":"https:\/\/laserenaradio.cl\/web\/2026\/08\/31\/anulan-bono-de-emergencia-para-vivienda-de-delegado-presidencial-de-coquimbo-tras-gestiones-administrativas\/","title":{"rendered":"Anulan bono de emergencia para vivienda de delegado presidencial de Coquimbo tras gestiones administrativas."},"content":{"rendered":"<p>La vivienda del delegado presidencial de la regi\u00f3n de Coquimbo, V\u00edctor Pino, fue incluida en el catastro para acceder a beneficios econ\u00f3micos destinados a familias damnificadas por el sistema frontal de julio.<\/p>\n<p>Seg\u00fan revel\u00f3 El Mostrador, desde la Delegaci\u00f3n Presidencial Regional se realizaron gestiones ante la <a href=\"http:\/\/www.laserena.cl\/\">Municipalidad de La Serena<\/a> para que un equipo aplicara la Ficha B\u00e1sica de Emergencia (FIBE), herramienta clave para determinar el nivel de afectaci\u00f3n de los hogares despu\u00e9s de una emergencia.<\/p>\n<p>De acuerdo con la publicaci\u00f3n, la solicitud de atenci\u00f3n fue realizada por Carlos Rodr\u00edguez, jefe de gabinete del delegado V\u00edctor Pino, quien se contact\u00f3 con el municipio para que funcionarios acudieran a un sector espec\u00edfico del \u00e1rea, donde se ubica la residencia de la autoridad regional y se gestionaba la ayuda econ\u00f3mica.<\/p>\n<p>Desde la Delegaci\u00f3n Presidencial entregaron una versi\u00f3n distinta, asegurando que la gesti\u00f3n de recursos buscaba conseguir atenci\u00f3n en dos sectores de El Milagro cuyos vecinos hab\u00edan advertido que no hab\u00edan sido encuestados, un mes despu\u00e9s del sistema frontal.<\/p>\n<p>Finalmente, una funcionaria municipal realiz\u00f3 la encuesta FIBE en la vivienda de Pino, siendo la informaci\u00f3n proporcionada por la c\u00f3nyuge del delegado.<\/p>\n<p>Seg\u00fan los antecedentes conocidos por El Mostrador, la ficha de afectaci\u00f3n fue inicialmente registrada como &#8220;terminada&#8221;, y tanto la casa como sus enseres fueron calificados como &#8220;muy afectados&#8221;, con da\u00f1os significativos registrados en el inmueble aunque permitiendo su uso.<\/p>\n<p>La FIBE es fundamental para determinar el acceso y el monto del Bono de Recuperaci\u00f3n dispuesto por el Gobierno para las familias damnificadas en Coquimbo. En este caso de la emergencia, los aportes posibles variaron desde los $375 mil hasta $1,5 millones, dependiendo del grado de afectaci\u00f3n. Sin embargo, el bono de recuperaci\u00f3n no fue entregado al delegado presidencial.<\/p>\n<p>Siete d\u00edas despu\u00e9s de la encuesta, el 27 de agosto, se confeccion\u00f3 un acta donde qued\u00f3 la constancia de la &#8220;Anulaci\u00f3n de FIBE\/FIBEH digitada&#8221;, dejando la ficha sin efecto.<\/p>\n<p>Consultado por El Mostrador, V\u00edctor Pino confirm\u00f3 que su jefe de gabinete se comunic\u00f3 con el municipio de La Serena, pero sostuvo que fue una gesti\u00f3n institucional para atender a vecinos afectados en la zona. Afirm\u00f3 que la gesti\u00f3n de recursos apuntaba a dos sectores de La Serena que, seg\u00fan los vecinos, no hab\u00edan sido incluidos en la evaluaci\u00f3n de da\u00f1os.Respecto de su vivienda, Pino explic\u00f3 que posteriormente se solicit\u00f3 dejar sin efecto la FIBE y que, por lo tanto, declin\u00f3 expresamente percibir los beneficios asociados a la afectaci\u00f3n provocada por la emergencia.<\/p>\n<p>De acuerdo con los antecedentes, la vivienda sufri\u00f3 afectaciones por el sistema frontal. No obstante, la aplicaci\u00f3n de la FIBE y su posterior anulaci\u00f3n en el sistema por siete d\u00edas demuestran los procedimientos administrativos involucrados en la ayuda a damnificados.Los documentos disponibles acreditan que la ficha fue dejada sin efecto y que el bono no se entreg\u00f3, aunque estos documentos no permiten determinar qui\u00e9n instruy\u00f3 la anulaci\u00f3n de la ficha ni todas las razones administrativas que llevaron a dicha decisi\u00f3n.<\/p>\n","protected":false},"excerpt":{"rendered":"<p>La vivienda del delegado presidencial de la regi\u00f3n de Coquimbo, V\u00edctor Pino, fue incluida en el catastro para acceder a beneficios econ\u00f3micos destinados a familias damnificadas por el sistema frontal de julio. Seg\u00fan revel\u00f3 El Mostrador, desde la Delegaci\u00f3n Presidencial Regional se realizaron gestiones ante la Municipalidad de La Serena para que un equipo aplicara [&hellip;]<\/p>\n","protected":false},"author":2,"featured_media":29605,"comment_status":"closed","ping_status":"open","sticky":false,"template":"","format":"standard","meta":{"_jetpack_newsletter_access":"","_jetpack_dont_email_post_to_subs":false,"_jetpack_newsletter_tier_id":0,"_jetpack_memberships_contains_paywalled_content":false,"_jetpack_feature_clip_id":0,"_jetpack_memberships_contains_paid_content":false,"jnews-multi-image_gallery":[],"jnews_single_post":[],"jnews_primary_category":[],"jnews_social_meta":[],"jnews_paywall_metabox":[],"jnews_review":[],"enable_review":"","type":"","name":"","summary":"","brand":"","sku":"","good":[],"bad":[],"score_override":"","override_value":"","rating":[],"price":[],"jnews_override_counter":[],"jnews_post_split":[],"footnotes":"","jetpack_post_was_ever_published":false},"categories":[83],"tags":[],"class_list":["post-29606","post","type-post","status-publish","format-standard","has-post-thumbnail","hentry","category-politica"],"jetpack_sharing_enabled":true,"jetpack_featured_media_url":"https:\/\/laserenaradio.cl\/web\/wp-content\/uploads\/2026\/08\/mediapiaiextstaticimg_webpcustom_6c37806f.webp","_links":{"self":[{"href":"https:\/\/laserenaradio.cl\/web\/wp-json\/wp\/v2\/posts\/29606","targetHints":{"allow":["GET"]}}],"collection":[{"href":"https:\/\/laserenaradio.cl\/web\/wp-json\/wp\/v2\/posts"}],"about":[{"href":"https:\/\/laserenaradio.cl\/web\/wp-json\/wp\/v2\/types\/post"}],"author":[{"embeddable":true,"href":"https:\/\/laserenaradio.cl\/web\/wp-json\/wp\/v2\/users\/2"}],"replies":[{"embeddable":true,"href":"https:\/\/laserenaradio.cl\/web\/wp-json\/wp\/v2\/comments?post=29606"}],"version-history":[{"count":1,"href":"https:\/\/laserenaradio.cl\/web\/wp-json\/wp\/v2\/posts\/29606\/revisions"}],"predecessor-version":[{"id":29607,"href":"https:\/\/laserenaradio.cl\/web\/wp-json\/wp\/v2\/posts\/29606\/revisions\/29607"}],"wp:featuredmedia":[{"embeddable":true,"href":"https:\/\/laserenaradio.cl\/web\/wp-json\/wp\/v2\/media\/29605"}],"wp:attachment":[{"href":"https:\/\/laserenaradio.cl\/web\/wp-json\/wp\/v2\/media?parent=29606"}],"wp:term":[{"taxonomy":"category","embeddable":true,"href":"https:\/\/laserenaradio.cl\/web\/wp-json\/wp\/v2\/categories?post=29606"},{"taxonomy":"post_tag","embeddable":true,"href":"https:\/\/laserenaradio.cl\/web\/wp-json\/wp\/v2\/tags?post=29606"}],"curies":[{"name":"wp","href":"https:\/\/api.w.org\/{rel}","templated":true}]}}