{"id":29603,"date":"2026-08-31T20:46:04","date_gmt":"2026-08-31T23:46:04","guid":{"rendered":"https:\/\/laserenaradio.cl\/web\/?p=29603"},"modified":"2026-08-31T20:46:04","modified_gmt":"2026-08-31T23:46:04","slug":"the-sun-se-burla-del-retiro-de-messi-de-la-seleccion-argentina","status":"publish","type":"post","link":"https:\/\/laserenaradio.cl\/web\/2026\/08\/31\/the-sun-se-burla-del-retiro-de-messi-de-la-seleccion-argentina\/","title":{"rendered":"The Sun se burla del retiro de Messi de la selecci\u00f3n argentina"},"content":{"rendered":"<p>El mundo del f\u00fatbol ha reaccionado a la renuncia de Lionel Messi a la selecci\u00f3n de Argentina, anuncio que dio este lunes con una carta a trav\u00e9s de Redes Sociales. La noticia ha conmovido profundamente a los aficionados del f\u00fatbol en Argentina, quienes lamentan que su gran \u00eddolo haya decidido cerrar un ciclo a sus 39 a\u00f1os, abriendo paso a nuevas generaciones de jugadores.<\/p>\n<p>Mientras los principales medios argentinos destacan la despedida del &#8217;10&#8217;, un peri\u00f3dico ingl\u00e9s ha generado gran conversaci\u00f3n. Seg\u00fan informa Infobae, el tabloide brit\u00e1nico The Sun ha publicado un art\u00edculo burl\u00e1ndose del adi\u00f3s de Messi al combinado argentino. El medio europeo public\u00f3 el titular: \u201cLionel Messi se retira de la Selecci\u00f3n DE NUEVO como una leyenda y realiza una emotiva declaraci\u00f3n despu\u00e9s de la muerte de su padre\u201d.<\/p>\n<p>En su informe, The Sun record\u00f3 hist\u00f3ricamente las finales que el jugador perdi\u00f3 con la Albiceleste, lo que llev\u00f3 a diversas reflexiones. El tabloide record\u00f3 que el astro argentino se retir\u00f3 del f\u00fatbol internacional anteriormente tras perder cuatro finales importantes consecutivas, incluyendo la del Mundial de 2014 y tres de la Copa Am\u00e9rica.<\/p>\n<p>Esto remiti\u00f3 a 2016, cuando el fen\u00f3meno deportivo vio a Chile derrotar a Argentina en la final de la Copa Am\u00e9rica, momento que llev\u00f3 al jugador del Barcelona a anunciar su baja temporal de la selecci\u00f3n.<\/p>\n<p>Este recuerdo no grato sigue siendo un tema sensible para los hinchas argentinos, quienes en aquel momento criticaron duramente al jugador por no haber podido ganar t\u00edtulos con la camiseta de la Albiceleste. Sin embargo, esa negativa racha de decepciones concluy\u00f3 en 2021, cuando Argentina logr\u00f3 la Copa Am\u00e9rica frente a Brasil.<\/p>\n","protected":false},"excerpt":{"rendered":"<p>El mundo del f\u00fatbol ha reaccionado a la renuncia de Lionel Messi a la selecci\u00f3n de Argentina, anuncio que dio este lunes con una carta a trav\u00e9s de Redes Sociales. La noticia ha conmovido profundamente a los aficionados del f\u00fatbol en Argentina, quienes lamentan que su gran \u00eddolo haya decidido cerrar un ciclo a sus [&hellip;]<\/p>\n","protected":false},"author":2,"featured_media":29602,"comment_status":"closed","ping_status":"open","sticky":false,"template":"","format":"standard","meta":{"_jetpack_newsletter_access":"","_jetpack_dont_email_post_to_subs":false,"_jetpack_newsletter_tier_id":0,"_jetpack_memberships_contains_paywalled_content":false,"_jetpack_feature_clip_id":0,"_jetpack_memberships_contains_paid_content":false,"jnews-multi-image_gallery":[],"jnews_single_post":[],"jnews_primary_category":[],"jnews_social_meta":[],"jnews_paywall_metabox":[],"jnews_review":[],"enable_review":"","type":"","name":"","summary":"","brand":"","sku":"","good":[],"bad":[],"score_override":"","override_value":"","rating":[],"price":[],"jnews_override_counter":[],"jnews_post_split":[],"footnotes":"","jetpack_post_was_ever_published":false},"categories":[21],"tags":[],"class_list":["post-29603","post","type-post","status-publish","format-standard","has-post-thumbnail","hentry","category-nacional"],"jetpack_sharing_enabled":true,"jetpack_featured_media_url":"https:\/\/laserenaradio.cl\/web\/wp-content\/uploads\/2026\/08\/mediapiaiextstaticimg_webpChileArgentina_0_d-scaled.webp","_links":{"self":[{"href":"https:\/\/laserenaradio.cl\/web\/wp-json\/wp\/v2\/posts\/29603","targetHints":{"allow":["GET"]}}],"collection":[{"href":"https:\/\/laserenaradio.cl\/web\/wp-json\/wp\/v2\/posts"}],"about":[{"href":"https:\/\/laserenaradio.cl\/web\/wp-json\/wp\/v2\/types\/post"}],"author":[{"embeddable":true,"href":"https:\/\/laserenaradio.cl\/web\/wp-json\/wp\/v2\/users\/2"}],"replies":[{"embeddable":true,"href":"https:\/\/laserenaradio.cl\/web\/wp-json\/wp\/v2\/comments?post=29603"}],"version-history":[{"count":1,"href":"https:\/\/laserenaradio.cl\/web\/wp-json\/wp\/v2\/posts\/29603\/revisions"}],"predecessor-version":[{"id":29604,"href":"https:\/\/laserenaradio.cl\/web\/wp-json\/wp\/v2\/posts\/29603\/revisions\/29604"}],"wp:featuredmedia":[{"embeddable":true,"href":"https:\/\/laserenaradio.cl\/web\/wp-json\/wp\/v2\/media\/29602"}],"wp:attachment":[{"href":"https:\/\/laserenaradio.cl\/web\/wp-json\/wp\/v2\/media?parent=29603"}],"wp:term":[{"taxonomy":"category","embeddable":true,"href":"https:\/\/laserenaradio.cl\/web\/wp-json\/wp\/v2\/categories?post=29603"},{"taxonomy":"post_tag","embeddable":true,"href":"https:\/\/laserenaradio.cl\/web\/wp-json\/wp\/v2\/tags?post=29603"}],"curies":[{"name":"wp","href":"https:\/\/api.w.org\/{rel}","templated":true}]}}