{"id":29597,"date":"2026-08-31T20:27:31","date_gmt":"2026-08-31T23:27:31","guid":{"rendered":"https:\/\/laserenaradio.cl\/web\/?p=29597"},"modified":"2026-08-31T20:27:31","modified_gmt":"2026-08-31T23:27:31","slug":"la-serena-realizan-jornada-par-promover-buen-flujo-documental-de-decomisos-de-drogas","status":"publish","type":"post","link":"https:\/\/laserenaradio.cl\/web\/2026\/08\/31\/la-serena-realizan-jornada-par-promover-buen-flujo-documental-de-decomisos-de-drogas\/","title":{"rendered":"La Serena: Realizan jornada par promover buen flujo documental de decomisos de drogas"},"content":{"rendered":"<p>Una importante jornada de capacitaci\u00f3n reuni\u00f3 a profesionales de la salud p\u00fablica, de la Fiscal\u00eda, polic\u00edas, entre otros, cuyo objetivo fue contribuir al adecuado desarrollo de los procesos documentales asociados a los decomisos de sustancias il\u00edcitas, en el marco de la Ley 20.000.<\/p>\n<p>La instancia busc\u00f3 reducir errores, fortalecer la trazabilidad legal y administrativa y resguardar la cadena de custodia, de acuerdo con la normativa vigente y fue coordinada por el Servicio de Salud Coquimbo.<\/p>\n<p>En la instancia participaron representantes del Servicio de Salud Coquimbo, de los hospitales de Los Vilos y Coquimbo, junto a la Armada de Chile, Polic\u00eda de Investigaciones, Carabineros de Chile, Gendarmer\u00eda de Chile y Ministerio P\u00fablico.<\/p>\n<p>Elizabeth Guajardo, Jefa de la Unidad de \u00a0Asesor\u00eda Jur\u00eddica; V\u00edctor Mu\u00f1oz L\u00f3pez, funcionario de la Fiscal\u00eda Regional de Coquimbo y Mar\u00eda Alejandra Santander, del Sistema de An\u00e1lisis Criminal, Crimen Organizado y Alta Complejidad, participaron de las jornadas llamadas &#8220;Flujos de Decomisos bajo el Modelo de Mejora Continua Ley 20.000, 21.575 y Norma T\u00e9cnica del MINSAL\u201d.<\/p>\n<p>La actividad se desarroll\u00f3 en dos d\u00edas en el sal\u00f3n auditorio del Servicio de Salud Coquimbo.<\/p>\n<p>Uno de los asuntos destacados por Elizabeth Guajardo fue la oportunidad de impartir conocimientos que ayuden &#8220;a hacer los procesos de manera prolija&#8221;.<\/p>\n<p>Destacan coordinaci\u00f3n de ISP y Fiscal\u00eda.<\/p>\n<p>Una r\u00e1pida visita hizo el jefe secci\u00f3n an\u00e1lisis de drogas y perito qu\u00edmico forense en Instituto de Salud P\u00fablica de Chile, Boris Duffau, quien es adem\u00e1s jefe de salud ambiental del ISP a la Fiscal\u00eda Regional de Coquimbo.<\/p>\n<p>El perito qu\u00edmico, experto en toxicolog\u00eda y diplomado en toxicolog\u00eda y an\u00e1lisis qu\u00edmico, valor\u00f3 el trabajo bilateral del ISP con la regi\u00f3n de Coquimbo, en especial el del funcionario V\u00edctor Mu\u00f1oz L\u00f3pez, respecto al sistema de informaci\u00f3n sobre drogas.<\/p>\n<p>Duffau es magister en bioqu\u00edmica toxicolog\u00eda y diagn\u00f3stico molecular de la Universidad de Chile y experto internacional en toxicolog\u00eda del Colegio qu\u00edmicos de Sevilla, Espa\u00f1a.<\/p>\n<p>Tiene a su cargo el an\u00e1lisis de drogas a nivel pa\u00eds, en especial drogas sint\u00e9ticas como coca\u00edna, ketamina, entre otras.<\/p>\n","protected":false},"excerpt":{"rendered":"<p>Una importante jornada de capacitaci\u00f3n reuni\u00f3 a profesionales de la salud p\u00fablica, de la Fiscal\u00eda, polic\u00edas, entre otros, cuyo objetivo fue contribuir al adecuado desarrollo de los procesos documentales asociados a los decomisos de sustancias il\u00edcitas, en el marco de la Ley 20.000. La instancia busc\u00f3 reducir errores, fortalecer la trazabilidad legal y administrativa y [&hellip;]<\/p>\n","protected":false},"author":2,"featured_media":29596,"comment_status":"closed","ping_status":"open","sticky":false,"template":"","format":"standard","meta":{"_jetpack_newsletter_access":"","_jetpack_dont_email_post_to_subs":false,"_jetpack_newsletter_tier_id":0,"_jetpack_memberships_contains_paywalled_content":false,"_jetpack_feature_clip_id":0,"_jetpack_memberships_contains_paid_content":false,"jnews-multi-image_gallery":[],"jnews_single_post":[],"jnews_primary_category":[],"jnews_social_meta":[],"jnews_paywall_metabox":[],"jnews_review":[],"enable_review":"","type":"","name":"","summary":"","brand":"","sku":"","good":[],"bad":[],"score_override":"","override_value":"","rating":[],"price":[],"jnews_override_counter":[],"jnews_post_split":[],"footnotes":"","jetpack_post_was_ever_published":false},"categories":[84],"tags":[],"class_list":["post-29597","post","type-post","status-publish","format-standard","has-post-thumbnail","hentry","category-deportes"],"jetpack_sharing_enabled":true,"jetpack_featured_media_url":"https:\/\/laserenaradio.cl\/web\/wp-content\/uploads\/2026\/08\/mediapiaiextstaticimg_webpSaludCoquimboElizabethGuajardoVictorMunozFiscaliaRegionalMinisterioPublicoAsesoriaJuridica_source-scaled.webp","_links":{"self":[{"href":"https:\/\/laserenaradio.cl\/web\/wp-json\/wp\/v2\/posts\/29597","targetHints":{"allow":["GET"]}}],"collection":[{"href":"https:\/\/laserenaradio.cl\/web\/wp-json\/wp\/v2\/posts"}],"about":[{"href":"https:\/\/laserenaradio.cl\/web\/wp-json\/wp\/v2\/types\/post"}],"author":[{"embeddable":true,"href":"https:\/\/laserenaradio.cl\/web\/wp-json\/wp\/v2\/users\/2"}],"replies":[{"embeddable":true,"href":"https:\/\/laserenaradio.cl\/web\/wp-json\/wp\/v2\/comments?post=29597"}],"version-history":[{"count":1,"href":"https:\/\/laserenaradio.cl\/web\/wp-json\/wp\/v2\/posts\/29597\/revisions"}],"predecessor-version":[{"id":29598,"href":"https:\/\/laserenaradio.cl\/web\/wp-json\/wp\/v2\/posts\/29597\/revisions\/29598"}],"wp:featuredmedia":[{"embeddable":true,"href":"https:\/\/laserenaradio.cl\/web\/wp-json\/wp\/v2\/media\/29596"}],"wp:attachment":[{"href":"https:\/\/laserenaradio.cl\/web\/wp-json\/wp\/v2\/media?parent=29597"}],"wp:term":[{"taxonomy":"category","embeddable":true,"href":"https:\/\/laserenaradio.cl\/web\/wp-json\/wp\/v2\/categories?post=29597"},{"taxonomy":"post_tag","embeddable":true,"href":"https:\/\/laserenaradio.cl\/web\/wp-json\/wp\/v2\/tags?post=29597"}],"curies":[{"name":"wp","href":"https:\/\/api.w.org\/{rel}","templated":true}]}}