{"id":29594,"date":"2026-08-31T20:18:54","date_gmt":"2026-08-31T23:18:54","guid":{"rendered":"https:\/\/laserenaradio.cl\/web\/?p=29594"},"modified":"2026-08-31T20:18:54","modified_gmt":"2026-08-31T23:18:54","slug":"cita-internacional-de-derecha-en-santiago-reune-a-kast-milei-y-lideres-conservadores","status":"publish","type":"post","link":"https:\/\/laserenaradio.cl\/web\/2026\/08\/31\/cita-internacional-de-derecha-en-santiago-reune-a-kast-milei-y-lideres-conservadores\/","title":{"rendered":"Cita internacional de derecha en Santiago re\u00fane a Kast, Milei y l\u00edderes conservadores"},"content":{"rendered":"<p>Santiago ser\u00e1 esta semana el punto de encuentro de la derecha conservadora internacional, con Jos\u00e9 Antonio Kast y Javier Milei como protagonistas en una importante cita pol\u00edtica. El Foro Madrid reunir\u00e1 a autoridades, parlamentarios y dirigentes de Am\u00e9rica y Europa, mientras la oposici\u00f3n cuestiona la participaci\u00f3n del presidente chileno en este gran encuentro de la pol\u00edtica de la derecha.<\/p>\n<p>Lo que est\u00e1 en juego va m\u00e1s all\u00e1 de una simple agenda de discursos. La convocatoria pondr\u00e1 al mandatario en la apertura de un encuentro con sectores pol\u00edticamente afines y una discusi\u00f3n centrada en las victorias de las llamadas fuerzas patriotas. Para sus cr\u00edticos, esta cercan\u00eda con l\u00edderes de la derecha conservadora es el problema, mientras que la Moneda asegura que Kast, en su rol de jefe de Estado, gobierna para todos los chilenos.<\/p>\n<p>La cita, organizada por la Fundaci\u00f3n Disenso, vinculada al partido Vox, se llevar\u00e1 a cabo en Santiago este jueves 3 y viernes 4 de septiembre. El programa reserva a Kast el discurso de apertura, seguido por una intervenci\u00f3n especial de Javier Milei. La presencia estadounidense es notable, contando con figuras como Sarah B. Rogers y Kevin Roberts, lo que subraya el alcance de una discusi\u00f3n sobre seguridad, econom\u00eda e influencia internacional desde posiciones pol\u00edticas afines en Iberoam\u00e9rica.<\/p>\n<p>El enfoque de este encuentro de derecha conservadora se centra en ejes tem\u00e1ticos cruciales como la soberan\u00eda, la desregulaci\u00f3n y la prosperidad. Los paneles discuten directamente la disputa entre el modelo de libre mercado y el llamado socialismo empobrecedor, marcando la agenda de la derecha chilena. A nivel local, representantes de RN, UDI, Republicanos y el Partido Nacional Libertario compartir\u00e1n un panel enfocado en el futuro de la democracia y la restauraci\u00f3n de la libertad en Chile.<\/p>\n<p>El ministro de Seguridad P\u00fablica, Mart\u00edn Arrau, tambi\u00e9n formar\u00e1 parte de la agenda, conversando sobre crimen transnacional y terrorismo, lo que asegura que la participaci\u00f3n del Gobierno en este foro de la derecha conservadora no se limitar\u00e1 solo al discurso presidencial.<\/p>\n<p>El Gobierno defendi\u00f3 en\u00e9rgicamente la asistencia del mandatario. El biministro del Interior y de la Segegob, Claudio Alvarado, reafirm\u00f3 que Kast intervendr\u00e1 desde su responsabilidad presidencial. Asegur\u00f3 que su intervenci\u00f3n abordar\u00e1 temas de seguridad, crecimiento, libertad y democracia, reiterando que su participaci\u00f3n en este foro de la derecha conservadora es completamente leg\u00edtima y esencial para su rol como jefe de Estado.<\/p>\n<p>Adem\u00e1s de los compromisos en el Foro Madrid, la agenda de Javier Milei podr\u00eda extenderse en Santiago. Se espera que el mandatario argentino tenga encuentros bilaterales con Sarah Rogers y Jos\u00e9 Antonio Kast, manteniendo activa la coordinaci\u00f3n diplom\u00e1tica y la discusi\u00f3n sobre la relaci\u00f3n econ\u00f3mica y pol\u00edtica entre Chile y Argentina.<\/p>\n","protected":false},"excerpt":{"rendered":"<p>Santiago ser\u00e1 esta semana el punto de encuentro de la derecha conservadora internacional, con Jos\u00e9 Antonio Kast y Javier Milei como protagonistas en una importante cita pol\u00edtica. El Foro Madrid reunir\u00e1 a autoridades, parlamentarios y dirigentes de Am\u00e9rica y Europa, mientras la oposici\u00f3n cuestiona la participaci\u00f3n del presidente chileno en este gran encuentro de la [&hellip;]<\/p>\n","protected":false},"author":2,"featured_media":29593,"comment_status":"closed","ping_status":"open","sticky":false,"template":"","format":"standard","meta":{"_jetpack_newsletter_access":"","_jetpack_dont_email_post_to_subs":false,"_jetpack_newsletter_tier_id":0,"_jetpack_memberships_contains_paywalled_content":false,"_jetpack_feature_clip_id":0,"_jetpack_memberships_contains_paid_content":false,"jnews-multi-image_gallery":[],"jnews_single_post":[],"jnews_primary_category":[],"jnews_social_meta":[],"jnews_paywall_metabox":[],"jnews_review":[],"enable_review":"","type":"","name":"","summary":"","brand":"","sku":"","good":[],"bad":[],"score_override":"","override_value":"","rating":[],"price":[],"jnews_override_counter":[],"jnews_post_split":[],"footnotes":"","jetpack_post_was_ever_published":false},"categories":[83],"tags":[],"class_list":["post-29594","post","type-post","status-publish","format-standard","has-post-thumbnail","hentry","category-politica"],"jetpack_sharing_enabled":true,"jetpack_featured_media_url":"https:\/\/laserenaradio.cl\/web\/wp-content\/uploads\/2026\/08\/mediapiaiextstaticimg_webpcustom_9e641d8b.webp","_links":{"self":[{"href":"https:\/\/laserenaradio.cl\/web\/wp-json\/wp\/v2\/posts\/29594","targetHints":{"allow":["GET"]}}],"collection":[{"href":"https:\/\/laserenaradio.cl\/web\/wp-json\/wp\/v2\/posts"}],"about":[{"href":"https:\/\/laserenaradio.cl\/web\/wp-json\/wp\/v2\/types\/post"}],"author":[{"embeddable":true,"href":"https:\/\/laserenaradio.cl\/web\/wp-json\/wp\/v2\/users\/2"}],"replies":[{"embeddable":true,"href":"https:\/\/laserenaradio.cl\/web\/wp-json\/wp\/v2\/comments?post=29594"}],"version-history":[{"count":1,"href":"https:\/\/laserenaradio.cl\/web\/wp-json\/wp\/v2\/posts\/29594\/revisions"}],"predecessor-version":[{"id":29595,"href":"https:\/\/laserenaradio.cl\/web\/wp-json\/wp\/v2\/posts\/29594\/revisions\/29595"}],"wp:featuredmedia":[{"embeddable":true,"href":"https:\/\/laserenaradio.cl\/web\/wp-json\/wp\/v2\/media\/29593"}],"wp:attachment":[{"href":"https:\/\/laserenaradio.cl\/web\/wp-json\/wp\/v2\/media?parent=29594"}],"wp:term":[{"taxonomy":"category","embeddable":true,"href":"https:\/\/laserenaradio.cl\/web\/wp-json\/wp\/v2\/categories?post=29594"},{"taxonomy":"post_tag","embeddable":true,"href":"https:\/\/laserenaradio.cl\/web\/wp-json\/wp\/v2\/tags?post=29594"}],"curies":[{"name":"wp","href":"https:\/\/api.w.org\/{rel}","templated":true}]}}