{"id":29591,"date":"2026-08-31T20:12:27","date_gmt":"2026-08-31T23:12:27","guid":{"rendered":"https:\/\/laserenaradio.cl\/web\/?p=29591"},"modified":"2026-08-31T20:12:27","modified_gmt":"2026-08-31T23:12:27","slug":"gael-yeomans-asume-la-presidencia-del-frente-amplio-impulsando-la-unidad-y-el-dialogo","status":"publish","type":"post","link":"https:\/\/laserenaradio.cl\/web\/2026\/08\/31\/gael-yeomans-asume-la-presidencia-del-frente-amplio-impulsando-la-unidad-y-el-dialogo\/","title":{"rendered":"Gael Yeomans asume la presidencia del Frente Amplio impulsando la unidad y el di\u00e1logo"},"content":{"rendered":"<p>Entre aplausos fue recibida la nueva presidenta del Frente Amplio, Gael Yeomans, por sus pares de la oposici\u00f3n en la sede del Partido Socialista, tras la tradicional reuni\u00f3n de las colectividades del sector. Su asunci\u00f3n como directiva que encabezar\u00e1 el Frente Amplio durante los pr\u00f3ximos dos a\u00f1os se concret\u00f3 este lunes 31 de agosto, despu\u00e9s de las recientes elecciones internas. En su primera jornada al mando, Yeomans enfatiz\u00f3 la necesidad de mantener la unidad y la disposici\u00f3n colectiva para enfrentar al Gobierno de Jos\u00e9 Antonio Kast, destacando el di\u00e1logo como pilar de esta nueva etapa en la pol\u00edtica chilena.<\/p>\n<p>\u201cQueremos la m\u00e1xima unidad para enfrentar al gobierno de Kast, pero tambi\u00e9n para tener una agenda propositiva, en construcci\u00f3n colectiva\u201d, expres\u00f3 Yeomans. La nueva mesa de liderazgo mantiene a Constanza Mart\u00ednez, expresidenta del partido, en un rol de conducci\u00f3n. Mart\u00ednez, quien tambi\u00e9n fungir\u00e1 como secretaria general, subray\u00f3 que un desaf\u00edo clave para el Frente Amplio ser\u00e1 fortalecerse para hacer frente a un gobierno que, a su juicio, representa un retroceso en los derechos ciudadanos. Seg\u00fan coment\u00f3, \u201ctenemos la tarea de enfrentar a un gobierno de ultraderecha que est\u00e1 retrocediendo en los derechos de los chilenos y las chilenas. Para eso necesitamos un partido fuerte que ofrezca una alternativa de bienestar y justicia social\u201d.<\/p>\n<p>El debut de Gael Yeomans cont\u00f3 con un respaldo inicial de otras fuerzas opositoras durante la reuni\u00f3n. La presidenta del Partido Socialista, Paulina Vodanovic, reconoci\u00f3 la llegada de la nueva timonel. Este cambio de mando tendr\u00e1 su ceremonia oficial este viernes 4 de septiembre, en la sede de la Central Unitaria de Trabajadores. A partir de las 20:00 horas, se iniciar\u00e1 formalmente el nuevo per\u00edodo de conducci\u00f3n nacional del Frente Amplio, consolidando la unidad de oposici\u00f3n en el contexto de la pol\u00edtica chilena.<\/p>\n","protected":false},"excerpt":{"rendered":"<p>Entre aplausos fue recibida la nueva presidenta del Frente Amplio, Gael Yeomans, por sus pares de la oposici\u00f3n en la sede del Partido Socialista, tras la tradicional reuni\u00f3n de las colectividades del sector. Su asunci\u00f3n como directiva que encabezar\u00e1 el Frente Amplio durante los pr\u00f3ximos dos a\u00f1os se concret\u00f3 este lunes 31 de agosto, despu\u00e9s [&hellip;]<\/p>\n","protected":false},"author":2,"featured_media":29590,"comment_status":"closed","ping_status":"open","sticky":false,"template":"","format":"standard","meta":{"_jetpack_newsletter_access":"","_jetpack_dont_email_post_to_subs":false,"_jetpack_newsletter_tier_id":0,"_jetpack_memberships_contains_paywalled_content":false,"_jetpack_feature_clip_id":0,"_jetpack_memberships_contains_paid_content":false,"jnews-multi-image_gallery":[],"jnews_single_post":[],"jnews_primary_category":[],"jnews_social_meta":[],"jnews_paywall_metabox":[],"jnews_review":[],"enable_review":"","type":"","name":"","summary":"","brand":"","sku":"","good":[],"bad":[],"score_override":"","override_value":"","rating":[],"price":[],"jnews_override_counter":[],"jnews_post_split":[],"footnotes":"","jetpack_post_was_ever_published":false},"categories":[83],"tags":[],"class_list":["post-29591","post","type-post","status-publish","format-standard","has-post-thumbnail","hentry","category-politica"],"jetpack_sharing_enabled":true,"jetpack_featured_media_url":"https:\/\/laserenaradio.cl\/web\/wp-content\/uploads\/2026\/08\/mediapiaiextstaticimg_webpFrenteAmplio_0_3_s.webp","_links":{"self":[{"href":"https:\/\/laserenaradio.cl\/web\/wp-json\/wp\/v2\/posts\/29591","targetHints":{"allow":["GET"]}}],"collection":[{"href":"https:\/\/laserenaradio.cl\/web\/wp-json\/wp\/v2\/posts"}],"about":[{"href":"https:\/\/laserenaradio.cl\/web\/wp-json\/wp\/v2\/types\/post"}],"author":[{"embeddable":true,"href":"https:\/\/laserenaradio.cl\/web\/wp-json\/wp\/v2\/users\/2"}],"replies":[{"embeddable":true,"href":"https:\/\/laserenaradio.cl\/web\/wp-json\/wp\/v2\/comments?post=29591"}],"version-history":[{"count":1,"href":"https:\/\/laserenaradio.cl\/web\/wp-json\/wp\/v2\/posts\/29591\/revisions"}],"predecessor-version":[{"id":29592,"href":"https:\/\/laserenaradio.cl\/web\/wp-json\/wp\/v2\/posts\/29591\/revisions\/29592"}],"wp:featuredmedia":[{"embeddable":true,"href":"https:\/\/laserenaradio.cl\/web\/wp-json\/wp\/v2\/media\/29590"}],"wp:attachment":[{"href":"https:\/\/laserenaradio.cl\/web\/wp-json\/wp\/v2\/media?parent=29591"}],"wp:term":[{"taxonomy":"category","embeddable":true,"href":"https:\/\/laserenaradio.cl\/web\/wp-json\/wp\/v2\/categories?post=29591"},{"taxonomy":"post_tag","embeddable":true,"href":"https:\/\/laserenaradio.cl\/web\/wp-json\/wp\/v2\/tags?post=29591"}],"curies":[{"name":"wp","href":"https:\/\/api.w.org\/{rel}","templated":true}]}}