{"id":29585,"date":"2026-08-31T19:54:48","date_gmt":"2026-08-31T22:54:48","guid":{"rendered":"https:\/\/laserenaradio.cl\/web\/?p=29585"},"modified":"2026-08-31T19:54:48","modified_gmt":"2026-08-31T22:54:48","slug":"la-serena-inauguran-infraestructura-para-seguridad-de-fiscales-y-defensores","status":"publish","type":"post","link":"https:\/\/laserenaradio.cl\/web\/2026\/08\/31\/la-serena-inauguran-infraestructura-para-seguridad-de-fiscales-y-defensores\/","title":{"rendered":"La Serena: Inauguran infraestructura para seguridad de Fiscales y Defensores"},"content":{"rendered":"<p>Fruto de un esfuerzo conjunto entre Fiscal\u00eda, Poder Judicial y Defensor\u00eda, se concret\u00f3 el cierre perimetral de los estacionamientos del Juzgado de Garant\u00eda de La Serena y Tribunal Oral en lo Penal.<\/p>\n<p>Esto forma parte de las iniciativas para garantizar la seguridad de fiscales y defensores que concurren a los juzgados.<\/p>\n<p>&#8220;Esto es un anhelo de muchos a\u00f1os de los fiscales y abogados que vienen a litigar aqu\u00ed en los Juegos de Garant\u00eda y el TOP de La Serena, de tener un espacio m\u00e1s cerrado, m\u00e1s seguro y por lo tanto, la inauguraci\u00f3n hoy d\u00eda, en conjunto con la Presidenta de la Corte de Apelaciones de La Serena, con los jueces, fiscales y administradores de los tribunales, es muy importante para nosotros en t\u00e9rminos de seguridad&#8221;, dijo el Fiscal Regional, Patricio Cooper.<\/p>\n<p>&#8220;Dentro del Plan Estrat\u00e9gico Institucional del Fiscal Nacional est\u00e1 el cuidado de los equipos y est\u00e1 la seguridad de los fiscales y abogados, que es un anhelo tambi\u00e9n de los gremios, de la asociaci\u00f3n de fiscales hace muchos a\u00f1os y la asociaci\u00f3n de funcionarios. Y tambi\u00e9n recordemos que tenemos un convenio firmado en el Ministerio P\u00fablico, la Fiscal\u00eda Nacional y la Corte Suprema. Quiero dar las gracias a los ministros de la Corte Suprema que hicieron posible lo anterior tambi\u00e9n&#8221;.<\/p>\n<p>&#8220;Se trata de un convenio de seguridad entre la Fiscal\u00eda, la Defensor\u00eda y el Poder Judicial que se concreta hoy con el cierre perimetral ya listo, que brinda seguridad y protecci\u00f3n al Tribunal completo y permite, en el caso de los tribunales orales en lo penal de esta comuna de La Serena y en el caso del juzgado Garant\u00eda de La Serena, contar con un nivel mucho m\u00e1s alto de protecci\u00f3n respecto a cualquier acto que pueda atentar en contra del Tribunal, de los funcionarios, de los jueces y por supuesto tambi\u00e9n brindar resguardo a los intervinientes institucionales, en este caso Fiscal\u00eda y Defensor\u00eda contar con un estacionamiento que est\u00e9 resguardado y por lo tanto que no sean tambi\u00e9n objeto de alguna incivilidad, alguna infracci\u00f3n respecto a su seguridad&#8221;, dijo la Ministra Gloria Negroni Vera, Presidenta de la Corte de Apelaciones de La Serena.<\/p>\n<p>Con la construcci\u00f3n de una reja perimetral en la zona del atrio y estacionamiento con sus correspondientes sistemas de apertura remota, el Tribunal Oral en lo Penal y el Juzgado de Garant\u00eda de La Serena avanzaron en mejorar la seguridad de los intervinientes de Fiscal\u00eda y Defensor\u00eda que diariamente asisten al edificio para litigar.<\/p>\n<p>La iniciativa es parte del convenio de colaboraci\u00f3n para la seguridad en audiencias penales creada al alero de la comisi\u00f3n que integran los tres organismos y que peri\u00f3dicamente realiza reuniones para coordinar acciones que velen por el resguardo de jueces, fiscales, defensores, funcionarios y usuarios en general que asisten a tribunales penales.<\/p>\n<p>En la misma l\u00ednea se manifest\u00f3 la defensora regional, In\u00e9s Rojas. \u201cComo Defensor\u00eda Penal P\u00fablica estamos muy contentos con la construcci\u00f3n de este cierre perimetral en el Juzgado de Garant\u00eda de La Serena y Tribunal Oral en lo Penal, ya que va a permitir que nuestros defensores y defensoras puedan ingresar al recinto con todas las medidas de seguridad pertinentes\u201d.<\/p>\n<p>Las obras, financiadas por la Corporaci\u00f3n Administrativa del Poder Judicial, consideran un control de acceso hacia la zona de circulaci\u00f3n de funcionarios con un cit\u00f3fono conectado con la guardia del edificio.<\/p>\n","protected":false},"excerpt":{"rendered":"<p>Fruto de un esfuerzo conjunto entre Fiscal\u00eda, Poder Judicial y Defensor\u00eda, se concret\u00f3 el cierre perimetral de los estacionamientos del Juzgado de Garant\u00eda de La Serena y Tribunal Oral en lo Penal. Esto forma parte de las iniciativas para garantizar la seguridad de fiscales y defensores que concurren a los juzgados. &#8220;Esto es un anhelo [&hellip;]<\/p>\n","protected":false},"author":2,"featured_media":29584,"comment_status":"closed","ping_status":"open","sticky":false,"template":"","format":"standard","meta":{"_jetpack_newsletter_access":"","_jetpack_dont_email_post_to_subs":false,"_jetpack_newsletter_tier_id":0,"_jetpack_memberships_contains_paywalled_content":false,"_jetpack_feature_clip_id":0,"_jetpack_memberships_contains_paid_content":false,"jnews-multi-image_gallery":[],"jnews_single_post":[],"jnews_primary_category":[],"jnews_social_meta":[],"jnews_paywall_metabox":[],"jnews_review":[],"enable_review":"","type":"","name":"","summary":"","brand":"","sku":"","good":[],"bad":[],"score_override":"","override_value":"","rating":[],"price":[],"jnews_override_counter":[],"jnews_post_split":[],"footnotes":"","jetpack_post_was_ever_published":false},"categories":[84],"tags":[],"class_list":["post-29585","post","type-post","status-publish","format-standard","has-post-thumbnail","hentry","category-deportes"],"jetpack_sharing_enabled":true,"jetpack_featured_media_url":"https:\/\/laserenaradio.cl\/web\/wp-content\/uploads\/2026\/08\/mediapiaiextstaticimg_webpPoderJudicialTribunalOralCorteSupremaFiscalRegionalPatricioCooperPlanEstrategico_source.webp","_links":{"self":[{"href":"https:\/\/laserenaradio.cl\/web\/wp-json\/wp\/v2\/posts\/29585","targetHints":{"allow":["GET"]}}],"collection":[{"href":"https:\/\/laserenaradio.cl\/web\/wp-json\/wp\/v2\/posts"}],"about":[{"href":"https:\/\/laserenaradio.cl\/web\/wp-json\/wp\/v2\/types\/post"}],"author":[{"embeddable":true,"href":"https:\/\/laserenaradio.cl\/web\/wp-json\/wp\/v2\/users\/2"}],"replies":[{"embeddable":true,"href":"https:\/\/laserenaradio.cl\/web\/wp-json\/wp\/v2\/comments?post=29585"}],"version-history":[{"count":1,"href":"https:\/\/laserenaradio.cl\/web\/wp-json\/wp\/v2\/posts\/29585\/revisions"}],"predecessor-version":[{"id":29586,"href":"https:\/\/laserenaradio.cl\/web\/wp-json\/wp\/v2\/posts\/29585\/revisions\/29586"}],"wp:featuredmedia":[{"embeddable":true,"href":"https:\/\/laserenaradio.cl\/web\/wp-json\/wp\/v2\/media\/29584"}],"wp:attachment":[{"href":"https:\/\/laserenaradio.cl\/web\/wp-json\/wp\/v2\/media?parent=29585"}],"wp:term":[{"taxonomy":"category","embeddable":true,"href":"https:\/\/laserenaradio.cl\/web\/wp-json\/wp\/v2\/categories?post=29585"},{"taxonomy":"post_tag","embeddable":true,"href":"https:\/\/laserenaradio.cl\/web\/wp-json\/wp\/v2\/tags?post=29585"}],"curies":[{"name":"wp","href":"https:\/\/api.w.org\/{rel}","templated":true}]}}