{"id":2949,"date":"2024-02-16T11:50:32","date_gmt":"2024-02-16T14:50:32","guid":{"rendered":"https:\/\/laserenaradio.cl\/web\/?p=2949"},"modified":"2024-02-16T11:50:32","modified_gmt":"2024-02-16T14:50:32","slug":"la-direccion-meteorologica-de-chile-ha-emitido-un-aviso-por-viento","status":"publish","type":"post","link":"https:\/\/laserenaradio.cl\/web\/2024\/02\/16\/la-direccion-meteorologica-de-chile-ha-emitido-un-aviso-por-viento\/","title":{"rendered":"La Direcci\u00f3n Meteorol\u00f3gica de Chile ha emitido un Aviso por Viento"},"content":{"rendered":"<p><strong>Desde la Direcci\u00f3n Meteorol\u00f3gica de Chile, emitieron el Aviso A37\/2024 por Viento debido a la condici\u00f3n sin\u00f3ptica Jet costero.<\/strong><!--more--><\/p>\n<p>En detalle, la <a href=\"http:\/\/www.meteochile.gob.cl\/PortalDMC-web\/index.xhtml\" rel=\"nofollow\">Direcci\u00f3n Meteorol\u00f3gica de Chile<\/a>, indica que este fen\u00f3meno se encontrar\u00e1 vigente desde <strong>la ma\u00f1ana del s\u00e1bado 17 de febrero del 2024<\/strong> y hasta <strong>la noche del s\u00e1bado 17 de febrero del 2024<\/strong>.<\/p>\n<p>Las zonas afectadas por la condici\u00f3n ser\u00edan:<br \/><strong>Litoral Sur Provincia de Arauco-Region Biob\u00edo<\/strong><\/p>\n<p>Debido a esta condici\u00f3n, se llama a tener precauci\u00f3n y cautela \u1e55or el Aviso vigente por <strong>Viento Normal a Moderado en Litoral Sur Provincia de Arauco-Region Biob\u00edo<\/strong><\/p>\n","protected":false},"excerpt":{"rendered":"<p>Desde la Direcci\u00f3n Meteorol\u00f3gica de Chile, emitieron el Aviso A37\/2024 por Viento debido a la condici\u00f3n sin\u00f3ptica Jet costero.<\/p>\n","protected":false},"author":2,"featured_media":2948,"comment_status":"closed","ping_status":"open","sticky":false,"template":"","format":"standard","meta":{"_jetpack_memberships_contains_paid_content":false,"jnews-multi-image_gallery":[],"jnews_single_post":[],"jnews_primary_category":[],"jnews_social_meta":[],"jnews_paywall_metabox":[],"jnews_review":[],"enable_review":"","type":"","name":"","summary":"","brand":"","sku":"","good":[],"bad":[],"score_override":"","override_value":"","rating":[],"price":[],"jnews_override_counter":[],"jnews_post_split":[],"footnotes":""},"categories":[10,5],"tags":[],"class_list":["post-2949","post","type-post","status-publish","format-standard","has-post-thumbnail","hentry","category-meteorologia","category-ultimo-minuto"],"jetpack_featured_media_url":"https:\/\/laserenaradio.cl\/web\/wp-content\/uploads\/2024\/02\/dmc-3.webp","jetpack_sharing_enabled":true,"_links":{"self":[{"href":"https:\/\/laserenaradio.cl\/web\/wp-json\/wp\/v2\/posts\/2949","targetHints":{"allow":["GET"]}}],"collection":[{"href":"https:\/\/laserenaradio.cl\/web\/wp-json\/wp\/v2\/posts"}],"about":[{"href":"https:\/\/laserenaradio.cl\/web\/wp-json\/wp\/v2\/types\/post"}],"author":[{"embeddable":true,"href":"https:\/\/laserenaradio.cl\/web\/wp-json\/wp\/v2\/users\/2"}],"replies":[{"embeddable":true,"href":"https:\/\/laserenaradio.cl\/web\/wp-json\/wp\/v2\/comments?post=2949"}],"version-history":[{"count":1,"href":"https:\/\/laserenaradio.cl\/web\/wp-json\/wp\/v2\/posts\/2949\/revisions"}],"predecessor-version":[{"id":2950,"href":"https:\/\/laserenaradio.cl\/web\/wp-json\/wp\/v2\/posts\/2949\/revisions\/2950"}],"wp:featuredmedia":[{"embeddable":true,"href":"https:\/\/laserenaradio.cl\/web\/wp-json\/wp\/v2\/media\/2948"}],"wp:attachment":[{"href":"https:\/\/laserenaradio.cl\/web\/wp-json\/wp\/v2\/media?parent=2949"}],"wp:term":[{"taxonomy":"category","embeddable":true,"href":"https:\/\/laserenaradio.cl\/web\/wp-json\/wp\/v2\/categories?post=2949"},{"taxonomy":"post_tag","embeddable":true,"href":"https:\/\/laserenaradio.cl\/web\/wp-json\/wp\/v2\/tags?post=2949"}],"curies":[{"name":"wp","href":"https:\/\/api.w.org\/{rel}","templated":true}]}}