{"id":26329,"date":"2026-05-02T01:55:06","date_gmt":"2026-05-02T04:55:06","guid":{"rendered":"https:\/\/laserenaradio.cl\/web\/?p=26329"},"modified":"2026-05-02T01:55:06","modified_gmt":"2026-05-02T04:55:06","slug":"enel-distribucion-celebra-decision-del-gobierno-sobre-su-concesion","status":"publish","type":"post","link":"https:\/\/laserenaradio.cl\/web\/2026\/05\/02\/enel-distribucion-celebra-decision-del-gobierno-sobre-su-concesion\/","title":{"rendered":"Enel Distribuci\u00f3n celebra decisi\u00f3n del gobierno sobre su concesi\u00f3n."},"content":{"rendered":"<p>Enel Distribuci\u00f3n reaccion\u00f3 este viernes ante la decisi\u00f3n gubernamental de no ejecutar la caducidad de su concesi\u00f3n. Este resultado finaliza un per\u00edodo de incertidumbre de casi dos a\u00f1os, generado tras el anuncio de la entonces administraci\u00f3n del Presidente Boric en agosto de 2024, motivado por los extensos cortes de electricidad experimentados durante ese invierno.<\/p>\n<p>Adem\u00e1s, la empresa afirm\u00f3 que mantendr\u00e1 su compromiso, como lo ha hecho de manera constante, incrementando la inversi\u00f3n con el prop\u00f3sito de asegurar una red cada vez m\u00e1s preparada y resiliente frente a los eventos meteorol\u00f3gicos extremos asociados al cambio clim\u00e1tico.<\/p>\n<p>Desde el <a href=\"http:\/\/www.energia.gob.cl\/\">Ministerio de Energ\u00eda<\/a>, se puntualiz\u00f3 esta ma\u00f1ana que la decisi\u00f3n se enmarca en el estricto cumplimiento legal, puesto que un informe emitido por la Superintendencia de Electricidad y Combustibles (SEC) establece que la revocaci\u00f3n de la concesi\u00f3n no es jur\u00eddicamente viable.<\/p>\n<p>&#8220;Desde un punto de vista jur\u00eddico, es imposible anular la concesi\u00f3n a la empresa Enel. Esto cumple con la normativa legal y reglamentaria vigente, y consideramos vital informar a la ciudadan\u00eda y cerrar este asunto&#8221;, sostuvo Rinc\u00f3n.<\/p>\n<p>Asimismo, y tal como se indic\u00f3 la noche del jueves, &#8220;esto es independiente del proceso judicial que la empresa lleva en tribunales, donde se debaten si hubo o no fuerza mayor en un mes determinado&#8221;.<\/p>\n<p>Finalmente, la secretaria de Estado enfatiz\u00f3 su compromiso de trabajar para garantizar a la ciudadan\u00eda que &#8220;vamos a trabajar y continuaremos esforz\u00e1ndonos para que tales sucesos no se repitan, y para que podamos avanzar hacia la certeza, no solo en materia jur\u00eddica, sino tambi\u00e9n en el suministro para hombres y mujeres en nuestro pa\u00eds&#8221;.<\/p>\n","protected":false},"excerpt":{"rendered":"<p>Enel Distribuci\u00f3n reaccion\u00f3 este viernes ante la decisi\u00f3n gubernamental de no ejecutar la caducidad de su concesi\u00f3n. Este resultado finaliza un per\u00edodo de incertidumbre de casi dos a\u00f1os, generado tras el anuncio de la entonces administraci\u00f3n del Presidente Boric en agosto de 2024, motivado por los extensos cortes de electricidad experimentados durante ese invierno. Adem\u00e1s, [&hellip;]<\/p>\n","protected":false},"author":2,"featured_media":26328,"comment_status":"closed","ping_status":"open","sticky":false,"template":"","format":"standard","meta":{"_jetpack_memberships_contains_paid_content":false,"jnews-multi-image_gallery":[],"jnews_single_post":[],"jnews_primary_category":[],"jnews_social_meta":[],"jnews_paywall_metabox":[],"jnews_review":[],"enable_review":"","type":"","name":"","summary":"","brand":"","sku":"","good":[],"bad":[],"score_override":"","override_value":"","rating":[],"price":[],"jnews_override_counter":[],"jnews_post_split":[],"footnotes":""},"categories":[83],"tags":[],"class_list":["post-26329","post","type-post","status-publish","format-standard","has-post-thumbnail","hentry","category-politica"],"jetpack_featured_media_url":"https:\/\/laserenaradio.cl\/web\/wp-content\/uploads\/2026\/05\/mediapiaiextstaticimg_webpEnelDistribucionEnelempresacompromisoDesde_X.webp","jetpack_sharing_enabled":true,"_links":{"self":[{"href":"https:\/\/laserenaradio.cl\/web\/wp-json\/wp\/v2\/posts\/26329","targetHints":{"allow":["GET"]}}],"collection":[{"href":"https:\/\/laserenaradio.cl\/web\/wp-json\/wp\/v2\/posts"}],"about":[{"href":"https:\/\/laserenaradio.cl\/web\/wp-json\/wp\/v2\/types\/post"}],"author":[{"embeddable":true,"href":"https:\/\/laserenaradio.cl\/web\/wp-json\/wp\/v2\/users\/2"}],"replies":[{"embeddable":true,"href":"https:\/\/laserenaradio.cl\/web\/wp-json\/wp\/v2\/comments?post=26329"}],"version-history":[{"count":1,"href":"https:\/\/laserenaradio.cl\/web\/wp-json\/wp\/v2\/posts\/26329\/revisions"}],"predecessor-version":[{"id":26330,"href":"https:\/\/laserenaradio.cl\/web\/wp-json\/wp\/v2\/posts\/26329\/revisions\/26330"}],"wp:featuredmedia":[{"embeddable":true,"href":"https:\/\/laserenaradio.cl\/web\/wp-json\/wp\/v2\/media\/26328"}],"wp:attachment":[{"href":"https:\/\/laserenaradio.cl\/web\/wp-json\/wp\/v2\/media?parent=26329"}],"wp:term":[{"taxonomy":"category","embeddable":true,"href":"https:\/\/laserenaradio.cl\/web\/wp-json\/wp\/v2\/categories?post=26329"},{"taxonomy":"post_tag","embeddable":true,"href":"https:\/\/laserenaradio.cl\/web\/wp-json\/wp\/v2\/tags?post=26329"}],"curies":[{"name":"wp","href":"https:\/\/api.w.org\/{rel}","templated":true}]}}