{"id":26326,"date":"2026-05-02T01:53:20","date_gmt":"2026-05-02T04:53:20","guid":{"rendered":"https:\/\/laserenaradio.cl\/web\/?p=26326"},"modified":"2026-05-02T01:53:20","modified_gmt":"2026-05-02T04:53:20","slug":"pronostico-meteorologico-para-chile-2026-el-nino-podria-causar-lluvias-en-zonas-centro-sur","status":"publish","type":"post","link":"https:\/\/laserenaradio.cl\/web\/2026\/05\/02\/pronostico-meteorologico-para-chile-2026-el-nino-podria-causar-lluvias-en-zonas-centro-sur\/","title":{"rendered":"Pron\u00f3stico meteorol\u00f3gico para Chile 2026: El Ni\u00f1o podr\u00eda causar lluvias en zonas centro-sur."},"content":{"rendered":"<p>La <a href=\"http:\/\/www.meteochile.gob.cl\/\">Direcci\u00f3n Meteorol\u00f3gica de Chile<\/a> (DMC) present\u00f3 su pron\u00f3stico estacional para el trimestre que abarca mayo, junio y julio de 2026. Este an\u00e1lisis anticipa que las precipitaciones en la zona centro-sur del pa\u00eds se desarrollar\u00e1n en niveles normales o incluso superiores, todo esto en un marco de transici\u00f3n hacia la influencia de un evento de El Ni\u00f1o.<\/p>\n<p>A pesar de lo anterior, modelos clim\u00e1ticos internacionales convergen en una alta probabilidad, cercana al 90%, de que el trimestre se caracterice por un evento de El Ni\u00f1o de \u00edndole moderado. Esta evoluci\u00f3n clim\u00e1tica podr\u00eda generar un incremento en la cantidad de lluvia, especialmente impactando la zona centro-sur.<\/p>\n<p>Respecto a las versiones circulando en las \u00faltimas semanas, los representantes de la DMC aclararon que el t\u00e9rmino &#8220;Ni\u00f1o Godzilla&#8221; no constituye una categor\u00eda cient\u00edfica oficial, sino una etiqueta period\u00edstica para referirse a fen\u00f3menos de extrema intensidad. El meteor\u00f3logo enfatiz\u00f3 que, si bien dicho t\u00e9rmino no existe, las se\u00f1ales actuales s\u00ed sugieren la posibilidad de un invierno con alta pluviometr\u00eda en la zona centro-sur.<\/p>\n<p>Adem\u00e1s del posible desarrollo de El Ni\u00f1o, la DMC alert\u00f3 que m\u00faltiples factores atmosf\u00e9ricos, tales como la Oscilaci\u00f3n Madden-Julian (MJO) y la Oscilaci\u00f3n Ant\u00e1rtica (AAO), podr\u00edan ejercer influencia sobre las condiciones clim\u00e1ticas de invierno, afectando la trayectoria y la fuerza de los sistemas frontales. Tambi\u00e9n recordaron que el impacto de El Ni\u00f1o no es uniforme, sino que depende de variables como su duraci\u00f3n, intensidad y la interacci\u00f3n con otros sistemas clim\u00e1ticos.<\/p>\n<p>El organismo se\u00f1al\u00f3 que este pron\u00f3stico no incluye eventos extremos espec\u00edficos, por lo que se mantendr\u00e1 un monitoreo continuo de las condiciones meteorol\u00f3gicas, ofreciendo actualizaciones peri\u00f3dicas a trav\u00e9s de sus canales oficiales. Por \u00faltimo, la DMC hizo un llamado a la ciudadan\u00eda para que obtenga informaci\u00f3n \u00fanicamente por v\u00edas oficiales y que est\u00e9 pendiente del Sistema de Alerta Meteorol\u00f3gica para seguir la evoluci\u00f3n de la temporada invernal.<\/p>\n","protected":false},"excerpt":{"rendered":"<p>La Direcci\u00f3n Meteorol\u00f3gica de Chile (DMC) present\u00f3 su pron\u00f3stico estacional para el trimestre que abarca mayo, junio y julio de 2026. Este an\u00e1lisis anticipa que las precipitaciones en la zona centro-sur del pa\u00eds se desarrollar\u00e1n en niveles normales o incluso superiores, todo esto en un marco de transici\u00f3n hacia la influencia de un evento de [&hellip;]<\/p>\n","protected":false},"author":2,"featured_media":26325,"comment_status":"closed","ping_status":"open","sticky":false,"template":"","format":"standard","meta":{"_jetpack_memberships_contains_paid_content":false,"jnews-multi-image_gallery":[],"jnews_single_post":[],"jnews_primary_category":[],"jnews_social_meta":[],"jnews_paywall_metabox":[],"jnews_review":[],"enable_review":"","type":"","name":"","summary":"","brand":"","sku":"","good":[],"bad":[],"score_override":"","override_value":"","rating":[],"price":[],"jnews_override_counter":[],"jnews_post_split":[],"footnotes":""},"categories":[21],"tags":[],"class_list":["post-26326","post","type-post","status-publish","format-standard","has-post-thumbnail","hentry","category-nacional"],"jetpack_featured_media_url":"https:\/\/laserenaradio.cl\/web\/wp-content\/uploads\/2026\/05\/mediapiaiextstaticimg_webpPronosticoChilecentrosurzonaChile_X.webp","jetpack_sharing_enabled":true,"_links":{"self":[{"href":"https:\/\/laserenaradio.cl\/web\/wp-json\/wp\/v2\/posts\/26326","targetHints":{"allow":["GET"]}}],"collection":[{"href":"https:\/\/laserenaradio.cl\/web\/wp-json\/wp\/v2\/posts"}],"about":[{"href":"https:\/\/laserenaradio.cl\/web\/wp-json\/wp\/v2\/types\/post"}],"author":[{"embeddable":true,"href":"https:\/\/laserenaradio.cl\/web\/wp-json\/wp\/v2\/users\/2"}],"replies":[{"embeddable":true,"href":"https:\/\/laserenaradio.cl\/web\/wp-json\/wp\/v2\/comments?post=26326"}],"version-history":[{"count":1,"href":"https:\/\/laserenaradio.cl\/web\/wp-json\/wp\/v2\/posts\/26326\/revisions"}],"predecessor-version":[{"id":26327,"href":"https:\/\/laserenaradio.cl\/web\/wp-json\/wp\/v2\/posts\/26326\/revisions\/26327"}],"wp:featuredmedia":[{"embeddable":true,"href":"https:\/\/laserenaradio.cl\/web\/wp-json\/wp\/v2\/media\/26325"}],"wp:attachment":[{"href":"https:\/\/laserenaradio.cl\/web\/wp-json\/wp\/v2\/media?parent=26326"}],"wp:term":[{"taxonomy":"category","embeddable":true,"href":"https:\/\/laserenaradio.cl\/web\/wp-json\/wp\/v2\/categories?post=26326"},{"taxonomy":"post_tag","embeddable":true,"href":"https:\/\/laserenaradio.cl\/web\/wp-json\/wp\/v2\/tags?post=26326"}],"curies":[{"name":"wp","href":"https:\/\/api.w.org\/{rel}","templated":true}]}}