{"id":26308,"date":"2026-05-02T01:49:23","date_gmt":"2026-05-02T04:49:23","guid":{"rendered":"https:\/\/laserenaradio.cl\/web\/?p=26308"},"modified":"2026-05-02T01:49:23","modified_gmt":"2026-05-02T04:49:23","slug":"autoridades-y-vecinos-coinciden-en-que-hay-avances-y-un-sello-de-la-gestion-de-alcalde-razmilic","status":"publish","type":"post","link":"https:\/\/laserenaradio.cl\/web\/2026\/05\/02\/autoridades-y-vecinos-coinciden-en-que-hay-avances-y-un-sello-de-la-gestion-de-alcalde-razmilic\/","title":{"rendered":"Autoridades y vecinos coinciden en que hay avances y un sello de la gesti\u00f3n de alcalde razmilic"},"content":{"rendered":"<p>Una positiva evaluaci\u00f3n realizaron autoridades y vecinos de Antofagasta, tras la cuenta p\u00fablica del alcalde Sacha Razmilic, coincidiendo en que empiezan a notarse avances y un sello distinto en la gesti\u00f3n municipal.<\/p>\n<p>&#8220;La cuenta p\u00fablica 2025 me dej\u00f3 demasiado contenta. Vamos a pasos agigantados con nuestro alcalde (Sacha Razmilic), as\u00ed que feliz con todos los logros realizados&#8221;<\/p>\n<p>, dijo la presidenta de la Junta de Vecinos Villa Valdivieso, Elsa Gallardo.<\/p>\n<p>Antofagasta se puso en movimiento, despu\u00e9s de a\u00f1os de estancamiento y estar a la deriva, empezamos a trabajar<\/p>\n<p>Mientras que el gobernador Ricardo D\u00edaz coment\u00f3 que<\/p>\n<p>&#8220;me parece muy esperanzador tener un municipio liderado por un alcalde que se abre a compartir el esfuerzo y su trabajo con otras organizaciones. Esto da esperanza, porque en la medida que podamos trabajar en conjunto podemos dar m\u00e1s certeza a la ciudadan\u00eda que estar\u00e1 mejor&#8221;<\/p>\n<p>.<\/p>\n<p>El jefe comunal en su presentaci\u00f3n, dijo que el primer a\u00f1o de su gesti\u00f3n no ha estado ajeno a dificultades y aprendizajes, lo que record\u00f3 el gobernador D\u00edaz:<\/p>\n<p>&#8220;Efectivamente ha sido un primer a\u00f1o muy dif\u00edcil, pero el alcalde ha logrado ir marcando su impronta y vamos viendo avances de que Antofagasta est\u00e1 m\u00e1s limpia, m\u00e1s segura y m\u00e1s linda&#8230; Me interesa seguir trabajando en conjunto&#8221;<\/p>\n<p>.<\/p>\n<p>El Concejo Comunal estuvo en pleno con sus 10 integrantes, por donde pasan los proyectos e iniciativas comunales. El concejal Claudio Aguirre reflexion\u00f3 que<\/p>\n<p>&#8220;el compromiso es seguir apoyando. Sin duda, la aparici\u00f3n de la Asociaci\u00f3n de Seguridad Municipal dar\u00e1 un cambio notable a la seguridad de la ciudad&#8221;<\/p>\n<p>.<\/p>\n<p>&#8220;El 2026 llegaremos a una inversi\u00f3n de $30 mil millones, que ser\u00e1 importante en infraestructura, Parque Los Pinares, la remodelaci\u00f3n del Estadio Calvo y Bascu\u00f1\u00e1n, el tema de seguridad, tambi\u00e9n se anunci\u00f3 la construcci\u00f3n de 4 nuevos Cesfam, estamos fiscalizando m\u00e1s y aplicando las ordenanzas. Ha sido una cuenta p\u00fablica positiva, que da esperanza de que Antofagasta siga creciendo en seguridad, limpieza y sea grato vivir ac\u00e1&#8221;, a\u00f1adi\u00f3 el concejal Aguirre.<\/p>\n<p>Finalmente, el alcalde Razmilic resumi\u00f3 que &#8220;Antofagasta se puso en movimiento, despu\u00e9s de a\u00f1os de estancamiento y estar a la deriva, empezamos a trabajar, licitamos contratos, compramos maquinarias, pusimos primeras piedras y estamos a punto de recibir e inaugurar obras concretas&#8221;.<\/p>\n<p>&#8220;Multiplicamos casi por siete la inversi\u00f3n municipal para tener una mejor calidad de vida para nuestros vecinos. Este es el comienzo porque Antofagasta merece mucho m\u00e1s<\/p>\n<p>&#8220;, concluy\u00f3 la m\u00e1xima autoridad de la ciudad.<\/p>\n<p>WhatsApp Image 2026-04-29 at 17.56.53 (2).jpeg<\/p>\n<p>WhatsApp Image 2026-04-29 at 17.56.57.jpeg<\/p>\n<p>WhatsApp Image 2026-04-29 at 19.18.27.jpeg<\/p>\n<p>WhatsApp Image 2026-04-29 at 17.56.55.jpeg<\/p>\n<p>WhatsApp Image 2026-04-29 at 17.56.54.jpeg<\/p>\n<p>WhatsApp Image 2026-04-29 at 19.18.26.jpeg<\/p>\n<p>WhatsApp Image 2026-04-29 at 19.18.28 (3).jpeg<\/p>\n<p>WhatsApp Image 2026-04-29 at 19.18.28.jpeg<\/p>\n<p>WhatsApp Image 2026-04-29 at 19.18.28 (2).jpeg<\/p>\n<p>WhatsApp Image 2026-04-29 at 19.18.28 (1).jpeg<\/p>\n","protected":false},"excerpt":{"rendered":"<p>Una positiva evaluaci\u00f3n realizaron autoridades y vecinos de Antofagasta, tras la cuenta p\u00fablica del alcalde Sacha Razmilic, coincidiendo en que empiezan a notarse avances y un sello distinto en la gesti\u00f3n municipal. &#8220;La cuenta p\u00fablica 2025 me dej\u00f3 demasiado contenta. Vamos a pasos agigantados con nuestro alcalde (Sacha Razmilic), as\u00ed que feliz con todos los [&hellip;]<\/p>\n","protected":false},"author":2,"featured_media":26307,"comment_status":"closed","ping_status":"open","sticky":false,"template":"","format":"standard","meta":{"_jetpack_memberships_contains_paid_content":false,"jnews-multi-image_gallery":[],"jnews_single_post":[],"jnews_primary_category":[],"jnews_social_meta":[],"jnews_paywall_metabox":[],"jnews_review":[],"enable_review":"","type":"","name":"","summary":"","brand":"","sku":"","good":[],"bad":[],"score_override":"","override_value":"","rating":[],"price":[],"jnews_override_counter":[],"jnews_post_split":[],"footnotes":""},"categories":[83],"tags":[],"class_list":["post-26308","post","type-post","status-publish","format-standard","has-post-thumbnail","hentry","category-politica"],"jetpack_featured_media_url":"https:\/\/laserenaradio.cl\/web\/wp-content\/uploads\/2026\/05\/mediapiaiextstaticimg_webpAutoridadesatjpegAntofagastaalcalde_X.webp","jetpack_sharing_enabled":true,"_links":{"self":[{"href":"https:\/\/laserenaradio.cl\/web\/wp-json\/wp\/v2\/posts\/26308","targetHints":{"allow":["GET"]}}],"collection":[{"href":"https:\/\/laserenaradio.cl\/web\/wp-json\/wp\/v2\/posts"}],"about":[{"href":"https:\/\/laserenaradio.cl\/web\/wp-json\/wp\/v2\/types\/post"}],"author":[{"embeddable":true,"href":"https:\/\/laserenaradio.cl\/web\/wp-json\/wp\/v2\/users\/2"}],"replies":[{"embeddable":true,"href":"https:\/\/laserenaradio.cl\/web\/wp-json\/wp\/v2\/comments?post=26308"}],"version-history":[{"count":1,"href":"https:\/\/laserenaradio.cl\/web\/wp-json\/wp\/v2\/posts\/26308\/revisions"}],"predecessor-version":[{"id":26309,"href":"https:\/\/laserenaradio.cl\/web\/wp-json\/wp\/v2\/posts\/26308\/revisions\/26309"}],"wp:featuredmedia":[{"embeddable":true,"href":"https:\/\/laserenaradio.cl\/web\/wp-json\/wp\/v2\/media\/26307"}],"wp:attachment":[{"href":"https:\/\/laserenaradio.cl\/web\/wp-json\/wp\/v2\/media?parent=26308"}],"wp:term":[{"taxonomy":"category","embeddable":true,"href":"https:\/\/laserenaradio.cl\/web\/wp-json\/wp\/v2\/categories?post=26308"},{"taxonomy":"post_tag","embeddable":true,"href":"https:\/\/laserenaradio.cl\/web\/wp-json\/wp\/v2\/tags?post=26308"}],"curies":[{"name":"wp","href":"https:\/\/api.w.org\/{rel}","templated":true}]}}