{"id":26296,"date":"2026-05-01T18:48:48","date_gmt":"2026-05-01T21:48:48","guid":{"rendered":"https:\/\/laserenaradio.cl\/web\/?p=26296"},"modified":"2026-05-01T18:48:48","modified_gmt":"2026-05-01T21:48:48","slug":"salario-minimo-gobierno-enviara-proyecto-al-congreso-tras-fracasar-la-negociacion-con-la-cut","status":"publish","type":"post","link":"https:\/\/laserenaradio.cl\/web\/2026\/05\/01\/salario-minimo-gobierno-enviara-proyecto-al-congreso-tras-fracasar-la-negociacion-con-la-cut\/","title":{"rendered":"Salario m\u00ednimo: Gobierno enviar\u00e1 proyecto al Congreso tras fracasar la negociaci\u00f3n con la CUT"},"content":{"rendered":"<p>El mi\u00e9rcoles, el Ejecutivo liderado por Jos\u00e9 Antonio Kast no alcanz\u00f3 un pacto con la Central Unitaria de Trabajadores (CUT) sobre el ajuste del salario m\u00ednimo, por lo que la decisi\u00f3n final recaer\u00e1 en el Congreso. Este pron\u00f3stico fue confirmado el viernes por el ministro del Trabajo, Tom\u00e1s Rau, quien anunci\u00f3 que el gobierno presentar\u00e1 un proyecto legislativo para su debate parlamentario la pr\u00f3xima semana. La propuesta gubernamental incluye un incremento del 4%, alineado con la proyecci\u00f3n inflacionaria del Banco Central, lo que equivale a un aumento de $21.560. Si se considera la inflaci\u00f3n acumulada desde el ajuste de enero, el poder adquisitivo real subir\u00eda aproximadamente un 3%.<\/p>\n<p>Adem\u00e1s, el ministro se\u00f1al\u00f3 la situaci\u00f3n cr\u00edtica del mercado laboral, donde la tasa de desempleo se sit\u00faa en 8,9%, afectando a alrededor de 925.000 personas. El desempleo femenino alcanza el 10% y el juvenil supera el 23%, factores que, seg\u00fan Rau, requieren una gesti\u00f3n prudente en cuanto a costos laborales. A pesar del fracaso en el acuerdo, asegur\u00f3 que el di\u00e1logo con la CUT se mantiene fluido y que el gobierno continuar\u00e1 impulsando espacios de negociaci\u00f3n mediante el Consejo Superior Laboral.<\/p>\n<p><small><i><strong>Aviso de transparencia:<\/strong> Este art\u00edculo ha sido elaborado con la asistencia de Inteligencia Artificial para optimizar el procesamiento de informaci\u00f3n. Sin embargo, todo el contenido ha sido revisado, editado y validado por el equipo period\u00edstico de <strong><a href=\"https:\/\/laserenaradio.cl\/web\/\">LaSerenaRadio.cl<\/a><\/strong>, garantizando nuestra l\u00ednea editorial y veracidad informativa.<\/i><\/small><\/p>\n","protected":false},"excerpt":{"rendered":"<p>El mi\u00e9rcoles, el Ejecutivo liderado por Jos\u00e9 Antonio Kast no alcanz\u00f3 un pacto con la Central Unitaria de Trabajadores (CUT) sobre el ajuste del salario m\u00ednimo, por lo que la decisi\u00f3n final recaer\u00e1 en el Congreso. Este pron\u00f3stico fue confirmado el viernes por el ministro del Trabajo, Tom\u00e1s Rau, quien anunci\u00f3 que el gobierno presentar\u00e1 [&hellip;]<\/p>\n","protected":false},"author":2,"featured_media":26295,"comment_status":"closed","ping_status":"open","sticky":false,"template":"","format":"standard","meta":{"_jetpack_memberships_contains_paid_content":false,"jnews-multi-image_gallery":[],"jnews_single_post":[],"jnews_primary_category":[],"jnews_social_meta":[],"jnews_paywall_metabox":[],"jnews_review":[],"enable_review":"","type":"","name":"","summary":"","brand":"","sku":"","good":[],"bad":[],"score_override":"","override_value":"","rating":[],"price":[],"jnews_override_counter":[],"jnews_post_split":[],"footnotes":""},"categories":[85],"tags":[],"class_list":["post-26296","post","type-post","status-publish","format-standard","has-post-thumbnail","hentry","category-economia"],"jetpack_featured_media_url":"https:\/\/laserenaradio.cl\/web\/wp-content\/uploads\/2026\/05\/mediapiaiextstaticimg_webpSalarioGobierno_1.webp","jetpack_sharing_enabled":true,"_links":{"self":[{"href":"https:\/\/laserenaradio.cl\/web\/wp-json\/wp\/v2\/posts\/26296","targetHints":{"allow":["GET"]}}],"collection":[{"href":"https:\/\/laserenaradio.cl\/web\/wp-json\/wp\/v2\/posts"}],"about":[{"href":"https:\/\/laserenaradio.cl\/web\/wp-json\/wp\/v2\/types\/post"}],"author":[{"embeddable":true,"href":"https:\/\/laserenaradio.cl\/web\/wp-json\/wp\/v2\/users\/2"}],"replies":[{"embeddable":true,"href":"https:\/\/laserenaradio.cl\/web\/wp-json\/wp\/v2\/comments?post=26296"}],"version-history":[{"count":1,"href":"https:\/\/laserenaradio.cl\/web\/wp-json\/wp\/v2\/posts\/26296\/revisions"}],"predecessor-version":[{"id":26297,"href":"https:\/\/laserenaradio.cl\/web\/wp-json\/wp\/v2\/posts\/26296\/revisions\/26297"}],"wp:featuredmedia":[{"embeddable":true,"href":"https:\/\/laserenaradio.cl\/web\/wp-json\/wp\/v2\/media\/26295"}],"wp:attachment":[{"href":"https:\/\/laserenaradio.cl\/web\/wp-json\/wp\/v2\/media?parent=26296"}],"wp:term":[{"taxonomy":"category","embeddable":true,"href":"https:\/\/laserenaradio.cl\/web\/wp-json\/wp\/v2\/categories?post=26296"},{"taxonomy":"post_tag","embeddable":true,"href":"https:\/\/laserenaradio.cl\/web\/wp-json\/wp\/v2\/tags?post=26296"}],"curies":[{"name":"wp","href":"https:\/\/api.w.org\/{rel}","templated":true}]}}