{"id":26293,"date":"2026-05-01T16:16:19","date_gmt":"2026-05-01T19:16:19","guid":{"rendered":"https:\/\/laserenaradio.cl\/web\/?p=26293"},"modified":"2026-05-01T16:16:19","modified_gmt":"2026-05-01T19:16:19","slug":"miles-de-trabajadores-marchan-contra-recortes-sociales-en-santiago","status":"publish","type":"post","link":"https:\/\/laserenaradio.cl\/web\/2026\/05\/01\/miles-de-trabajadores-marchan-contra-recortes-sociales-en-santiago\/","title":{"rendered":"Miles de trabajadores marchan contra recortes sociales en Santiago."},"content":{"rendered":"<p>La Central Unitaria de Trabajadores (CUT) organiz\u00f3 una gran movilizaci\u00f3n en Santiago que concluy\u00f3 junto al Centro Cultural Gabriela Mistral (GAM). La marcha, iniciada a las 11:15 horas en el sector Alameda entre el metro La Moneda y la calle Portugal, reuni\u00f3 a estudiantes, trabajadores y l\u00edderes sociales.  <\/p>\n<p>La CUT tambi\u00e9n inst\u00f3 a los partidos de la oposici\u00f3n a unirse en propuestas para j\u00f3venes y comunidades. Paulina Vodanovic, presidenta del Partido Socialista, enfatiz\u00f3 la importancia de salvaguardar derechos como la PGU, la gratuidad universitaria y la alimentaci\u00f3n infantil, criticando al gobierno por sus contradicciones en temas como la salud y la seguridad ciudadana.  <\/p>\n<p>Al finalizar el evento, se realiz\u00f3 una actuaci\u00f3n musical y asistieron representantes de partidos como el Frente Amplio, el Partido Socialista y el Partido Comunista, reforzando la presencia de la oposici\u00f3n en la movilizaci\u00f3n.<\/p>\n<p><small><i><strong>Aviso de transparencia:<\/strong> Este art\u00edculo ha sido elaborado con la asistencia de Inteligencia Artificial para optimizar el procesamiento de informaci\u00f3n. Sin embargo, todo el contenido ha sido revisado, editado y validado por el equipo period\u00edstico de <strong><a href=\"https:\/\/laserenaradio.cl\/web\/\">LaSerenaRadio.cl<\/a><\/strong>, garantizando nuestra l\u00ednea editorial y veracidad informativa.<\/i><\/small><\/p>\n","protected":false},"excerpt":{"rendered":"<p>La Central Unitaria de Trabajadores (CUT) organiz\u00f3 una gran movilizaci\u00f3n en Santiago que concluy\u00f3 junto al Centro Cultural Gabriela Mistral (GAM). La marcha, iniciada a las 11:15 horas en el sector Alameda entre el metro La Moneda y la calle Portugal, reuni\u00f3 a estudiantes, trabajadores y l\u00edderes sociales. La CUT tambi\u00e9n inst\u00f3 a los partidos [&hellip;]<\/p>\n","protected":false},"author":2,"featured_media":9076,"comment_status":"closed","ping_status":"open","sticky":false,"template":"","format":"standard","meta":{"_jetpack_memberships_contains_paid_content":false,"jnews-multi-image_gallery":[],"jnews_single_post":[],"jnews_primary_category":[],"jnews_social_meta":[],"jnews_paywall_metabox":[],"jnews_review":[],"enable_review":"","type":"","name":"","summary":"","brand":"","sku":"","good":[],"bad":[],"score_override":"","override_value":"","rating":[],"price":[],"jnews_override_counter":[],"jnews_post_split":[],"footnotes":""},"categories":[21],"tags":[],"class_list":["post-26293","post","type-post","status-publish","format-standard","has-post-thumbnail","hentry","category-nacional"],"jetpack_featured_media_url":"https:\/\/laserenaradio.cl\/web\/wp-content\/uploads\/2024\/12\/laserenaradio_nacional.webp","jetpack_sharing_enabled":true,"_links":{"self":[{"href":"https:\/\/laserenaradio.cl\/web\/wp-json\/wp\/v2\/posts\/26293","targetHints":{"allow":["GET"]}}],"collection":[{"href":"https:\/\/laserenaradio.cl\/web\/wp-json\/wp\/v2\/posts"}],"about":[{"href":"https:\/\/laserenaradio.cl\/web\/wp-json\/wp\/v2\/types\/post"}],"author":[{"embeddable":true,"href":"https:\/\/laserenaradio.cl\/web\/wp-json\/wp\/v2\/users\/2"}],"replies":[{"embeddable":true,"href":"https:\/\/laserenaradio.cl\/web\/wp-json\/wp\/v2\/comments?post=26293"}],"version-history":[{"count":1,"href":"https:\/\/laserenaradio.cl\/web\/wp-json\/wp\/v2\/posts\/26293\/revisions"}],"predecessor-version":[{"id":26294,"href":"https:\/\/laserenaradio.cl\/web\/wp-json\/wp\/v2\/posts\/26293\/revisions\/26294"}],"wp:featuredmedia":[{"embeddable":true,"href":"https:\/\/laserenaradio.cl\/web\/wp-json\/wp\/v2\/media\/9076"}],"wp:attachment":[{"href":"https:\/\/laserenaradio.cl\/web\/wp-json\/wp\/v2\/media?parent=26293"}],"wp:term":[{"taxonomy":"category","embeddable":true,"href":"https:\/\/laserenaradio.cl\/web\/wp-json\/wp\/v2\/categories?post=26293"},{"taxonomy":"post_tag","embeddable":true,"href":"https:\/\/laserenaradio.cl\/web\/wp-json\/wp\/v2\/tags?post=26293"}],"curies":[{"name":"wp","href":"https:\/\/api.w.org\/{rel}","templated":true}]}}