{"id":26291,"date":"2026-05-01T14:16:34","date_gmt":"2026-05-01T17:16:34","guid":{"rendered":"https:\/\/laserenaradio.cl\/web\/?p=26291"},"modified":"2026-05-01T14:16:34","modified_gmt":"2026-05-01T17:16:34","slug":"municipalidades-chilenas-reaccionan-a-reduccion-del-fondo-comun-municipal","status":"publish","type":"post","link":"https:\/\/laserenaradio.cl\/web\/2026\/05\/01\/municipalidades-chilenas-reaccionan-a-reduccion-del-fondo-comun-municipal\/","title":{"rendered":"Municipalidades Chilenas Reaccionan a Reducci\u00f3n del Fondo Com\u00fan Municipal"},"content":{"rendered":"<p>La Asociaci\u00f3n Chilena de Municipalidades (ACHM) organiz\u00f3 un encuentro virtual con la participaci\u00f3n de m\u00e1s de 220 alcaldes y alcaldesas de diversas regiones del pa\u00eds. Bajo la direcci\u00f3n de su presidente, Gustavo Alessandri, la reuni\u00f3n tuvo como eje central evaluar las implicaciones de la disminuci\u00f3n del Fondo Com\u00fan Municipal (FCM) anunciada por el Gobierno.  <\/p>\n<p>Los asistentes coincidieron en destacar el papel crucial del FCM para garantizar la equidad entre las comunas. Este recurso es vital para comunidades con menores ingresos, ya que permite cubrir necesidades b\u00e1sicas y financiar actividades propias de cada municipio. Alessandri enfatiz\u00f3 que el fondo representa la principal fuente de ingresos para aproximadamente el 65% de las municipalidades, cubriendo gastos como ayudas sociales, operaciones gubernamentales y servicios comunitarios.  <\/p>\n<p>Como respuesta, los asistentes acordaron convocar una Asamblea Nacional Extraordinaria para analizar en detalle la situaci\u00f3n del FCM, solicitar informaci\u00f3n oficial del Gobierno y coordinar acciones conjuntas. Alessandri resalt\u00f3 la importancia de la unidad entre alcaldes de distintos sectores pol\u00edticos, subrayando que el municipalismo es un pilar para defender la capacidad de respuesta ante las necesidades de sus vecinos.  <\/p>\n<p>La asamblea busca consolidar una estrategia com\u00fan que permita a los municipios presentar demandas claras al Gobierno, especialmente en cuanto a los detalles y cronograma de la reducci\u00f3n del FCM. La participaci\u00f3n activa de todos los sectores pol\u00edticos refuerza el compromiso de abordar los desaf\u00edos del financiamiento local de manera integral.<\/p>\n<p><small><i><strong>Aviso de transparencia:<\/strong> Este art\u00edculo ha sido elaborado con la asistencia de Inteligencia Artificial para optimizar el procesamiento de informaci\u00f3n. Sin embargo, todo el contenido ha sido revisado, editado y validado por el equipo period\u00edstico de <strong><a href=\"https:\/\/laserenaradio.cl\/web\/\">LaSerenaRadio.cl<\/a><\/strong>, garantizando nuestra l\u00ednea editorial y veracidad informativa.<\/i><\/small><\/p>\n","protected":false},"excerpt":{"rendered":"<p>La Asociaci\u00f3n Chilena de Municipalidades (ACHM) organiz\u00f3 un encuentro virtual con la participaci\u00f3n de m\u00e1s de 220 alcaldes y alcaldesas de diversas regiones del pa\u00eds. Bajo la direcci\u00f3n de su presidente, Gustavo Alessandri, la reuni\u00f3n tuvo como eje central evaluar las implicaciones de la disminuci\u00f3n del Fondo Com\u00fan Municipal (FCM) anunciada por el Gobierno. Los [&hellip;]<\/p>\n","protected":false},"author":2,"featured_media":9076,"comment_status":"closed","ping_status":"open","sticky":false,"template":"","format":"standard","meta":{"_jetpack_memberships_contains_paid_content":false,"jnews-multi-image_gallery":[],"jnews_single_post":[],"jnews_primary_category":[],"jnews_social_meta":[],"jnews_paywall_metabox":[],"jnews_review":[],"enable_review":"","type":"","name":"","summary":"","brand":"","sku":"","good":[],"bad":[],"score_override":"","override_value":"","rating":[],"price":[],"jnews_override_counter":[],"jnews_post_split":[],"footnotes":""},"categories":[21],"tags":[],"class_list":["post-26291","post","type-post","status-publish","format-standard","has-post-thumbnail","hentry","category-nacional"],"jetpack_featured_media_url":"https:\/\/laserenaradio.cl\/web\/wp-content\/uploads\/2024\/12\/laserenaradio_nacional.webp","jetpack_sharing_enabled":true,"_links":{"self":[{"href":"https:\/\/laserenaradio.cl\/web\/wp-json\/wp\/v2\/posts\/26291","targetHints":{"allow":["GET"]}}],"collection":[{"href":"https:\/\/laserenaradio.cl\/web\/wp-json\/wp\/v2\/posts"}],"about":[{"href":"https:\/\/laserenaradio.cl\/web\/wp-json\/wp\/v2\/types\/post"}],"author":[{"embeddable":true,"href":"https:\/\/laserenaradio.cl\/web\/wp-json\/wp\/v2\/users\/2"}],"replies":[{"embeddable":true,"href":"https:\/\/laserenaradio.cl\/web\/wp-json\/wp\/v2\/comments?post=26291"}],"version-history":[{"count":1,"href":"https:\/\/laserenaradio.cl\/web\/wp-json\/wp\/v2\/posts\/26291\/revisions"}],"predecessor-version":[{"id":26292,"href":"https:\/\/laserenaradio.cl\/web\/wp-json\/wp\/v2\/posts\/26291\/revisions\/26292"}],"wp:featuredmedia":[{"embeddable":true,"href":"https:\/\/laserenaradio.cl\/web\/wp-json\/wp\/v2\/media\/9076"}],"wp:attachment":[{"href":"https:\/\/laserenaradio.cl\/web\/wp-json\/wp\/v2\/media?parent=26291"}],"wp:term":[{"taxonomy":"category","embeddable":true,"href":"https:\/\/laserenaradio.cl\/web\/wp-json\/wp\/v2\/categories?post=26291"},{"taxonomy":"post_tag","embeddable":true,"href":"https:\/\/laserenaradio.cl\/web\/wp-json\/wp\/v2\/tags?post=26291"}],"curies":[{"name":"wp","href":"https:\/\/api.w.org\/{rel}","templated":true}]}}