{"id":26289,"date":"2026-05-01T14:13:47","date_gmt":"2026-05-01T17:13:47","guid":{"rendered":"https:\/\/laserenaradio.cl\/web\/?p=26289"},"modified":"2026-05-01T14:13:47","modified_gmt":"2026-05-01T17:13:47","slug":"hacker-logra-acceso-no-autorizado-a-plataforma-de-efe","status":"publish","type":"post","link":"https:\/\/laserenaradio.cl\/web\/2026\/05\/01\/hacker-logra-acceso-no-autorizado-a-plataforma-de-efe\/","title":{"rendered":"Hacker logra acceso no autorizado a plataforma de EFE."},"content":{"rendered":"<p>Un colectivo identificado como \u201cNemorisHacking\u201d anunci\u00f3 haber obtenido acceso a funcionalidades de gesti\u00f3n de la plataforma de la Empresa de los Ferrocarriles del Estado (EFE), sin que este incidente haya generado riesgo para la operaci\u00f3n de trenes ni para la infraestructura ferroviaria.  <\/p>\n<p>La empresa respondi\u00f3 a la situaci\u00f3n confirmando que el acceso no autorizado se limit\u00f3 a un sistema comercial y que no hubo afectaci\u00f3n en los procesos de operaci\u00f3n, movilizaci\u00f3n ni tr\u00e1fico de trenes.  <\/p>\n<p>\u201cNemorisHacking\u201d se identifica como un actor del \u00e1mbito del \u201csombrero negro\u201d, lo que implica motivaciones como beneficio econ\u00f3mico, venganza o desestabilizaci\u00f3n, en contraste con los profesionales del \u201csombrero blanco\u201d, que buscan reportar fallos de seguridad.  <\/p>\n<p>El perfil vinculado a la actividad en la red social tiene su sede en M\u00e9xico.<\/p>\n<p><small><i><strong>Aviso de transparencia:<\/strong> Este art\u00edculo ha sido elaborado con la asistencia de Inteligencia Artificial para optimizar el procesamiento de informaci\u00f3n. Sin embargo, todo el contenido ha sido revisado, editado y validado por el equipo period\u00edstico de <strong><a href=\"https:\/\/laserenaradio.cl\/web\/\">LaSerenaRadio.cl<\/a><\/strong>, garantizando nuestra l\u00ednea editorial y veracidad informativa.<\/i><\/small><\/p>\n","protected":false},"excerpt":{"rendered":"<p>Un colectivo identificado como \u201cNemorisHacking\u201d anunci\u00f3 haber obtenido acceso a funcionalidades de gesti\u00f3n de la plataforma de la Empresa de los Ferrocarriles del Estado (EFE), sin que este incidente haya generado riesgo para la operaci\u00f3n de trenes ni para la infraestructura ferroviaria. La empresa respondi\u00f3 a la situaci\u00f3n confirmando que el acceso no autorizado se [&hellip;]<\/p>\n","protected":false},"author":2,"featured_media":26288,"comment_status":"closed","ping_status":"open","sticky":false,"template":"","format":"standard","meta":{"_jetpack_memberships_contains_paid_content":false,"jnews-multi-image_gallery":[],"jnews_single_post":[],"jnews_primary_category":[],"jnews_social_meta":[],"jnews_paywall_metabox":[],"jnews_review":[],"enable_review":"","type":"","name":"","summary":"","brand":"","sku":"","good":[],"bad":[],"score_override":"","override_value":"","rating":[],"price":[],"jnews_override_counter":[],"jnews_post_split":[],"footnotes":""},"categories":[21],"tags":[],"class_list":["post-26289","post","type-post","status-publish","format-standard","has-post-thumbnail","hentry","category-nacional"],"jetpack_featured_media_url":"https:\/\/laserenaradio.cl\/web\/wp-content\/uploads\/2026\/05\/mediapiaiextstaticimg_webpaccesoplataformatrenesni_1.webp","jetpack_sharing_enabled":true,"_links":{"self":[{"href":"https:\/\/laserenaradio.cl\/web\/wp-json\/wp\/v2\/posts\/26289","targetHints":{"allow":["GET"]}}],"collection":[{"href":"https:\/\/laserenaradio.cl\/web\/wp-json\/wp\/v2\/posts"}],"about":[{"href":"https:\/\/laserenaradio.cl\/web\/wp-json\/wp\/v2\/types\/post"}],"author":[{"embeddable":true,"href":"https:\/\/laserenaradio.cl\/web\/wp-json\/wp\/v2\/users\/2"}],"replies":[{"embeddable":true,"href":"https:\/\/laserenaradio.cl\/web\/wp-json\/wp\/v2\/comments?post=26289"}],"version-history":[{"count":1,"href":"https:\/\/laserenaradio.cl\/web\/wp-json\/wp\/v2\/posts\/26289\/revisions"}],"predecessor-version":[{"id":26290,"href":"https:\/\/laserenaradio.cl\/web\/wp-json\/wp\/v2\/posts\/26289\/revisions\/26290"}],"wp:featuredmedia":[{"embeddable":true,"href":"https:\/\/laserenaradio.cl\/web\/wp-json\/wp\/v2\/media\/26288"}],"wp:attachment":[{"href":"https:\/\/laserenaradio.cl\/web\/wp-json\/wp\/v2\/media?parent=26289"}],"wp:term":[{"taxonomy":"category","embeddable":true,"href":"https:\/\/laserenaradio.cl\/web\/wp-json\/wp\/v2\/categories?post=26289"},{"taxonomy":"post_tag","embeddable":true,"href":"https:\/\/laserenaradio.cl\/web\/wp-json\/wp\/v2\/tags?post=26289"}],"curies":[{"name":"wp","href":"https:\/\/api.w.org\/{rel}","templated":true}]}}