{"id":26286,"date":"2026-05-01T14:06:51","date_gmt":"2026-05-01T17:06:51","guid":{"rendered":"https:\/\/laserenaradio.cl\/web\/?p=26286"},"modified":"2026-05-01T14:06:51","modified_gmt":"2026-05-01T17:06:51","slug":"el-presidente-kast-llama-a-priorizar-generacion-de-empleo-en-chile","status":"publish","type":"post","link":"https:\/\/laserenaradio.cl\/web\/2026\/05\/01\/el-presidente-kast-llama-a-priorizar-generacion-de-empleo-en-chile\/","title":{"rendered":"El presidente Kast llama a priorizar generaci\u00f3n de empleo en Chile"},"content":{"rendered":"<p>El mandatario Jos\u00e9 Antonio Kast destac\u00f3 en un acto conmemorativo del D\u00eda del Trabajador la necesidad de priorizar la creaci\u00f3n de empleo, se\u00f1alando que el pa\u00eds atraviesa una \u201cemergencia laboral\u201d. Distingui\u00f3 su postura frente a movilizaciones como la convocada por la CUT, enfatizando que las protestas no resuelven el problema estructural del mercado laboral.  <\/p>\n<p>El presidente insisti\u00f3 en que el empleo debe guiar las pol\u00edticas p\u00fablicas, consider\u00e1ndolo como el instrumento m\u00e1s eficaz para dignificar a las personas. Para ello, su administraci\u00f3n impulsar\u00e1 iniciativas concretas orientadas a dinamizar la econom\u00eda y reducir la informalidad.  <\/p>\n<p>El ministro de Trabajo, Tom\u00e1s Rau, respald\u00f3 el diagn\u00f3stico oficial, se\u00f1alando que recuperar la estabilidad en el empleo formal y mejorar las condiciones laborales son prioridades. Destac\u00f3 que el gobierno elabora estrategias para alinear estas metas con el desarrollo econ\u00f3mico.  <\/p>\n<p>Kast concluy\u00f3 reafirmando el compromiso de su gobierno con las peque\u00f1as y medianas empresas como motores del empleo. \u201cImplementaremos medidas concretas para reactivar la econom\u00eda y multiplicar oportunidades laborales\u201d, concluy\u00f3, mientras llamaba a acuerdos amplios para enfrentar el desaf\u00edo.<\/p>\n<p><small><i><strong>Aviso de transparencia:<\/strong> Este art\u00edculo ha sido elaborado con la asistencia de Inteligencia Artificial para optimizar el procesamiento de informaci\u00f3n. Sin embargo, todo el contenido ha sido revisado, editado y validado por el equipo period\u00edstico de <strong><a href=\"https:\/\/laserenaradio.cl\/web\/\">LaSerenaRadio.cl<\/a><\/strong>, garantizando nuestra l\u00ednea editorial y veracidad informativa.<\/i><\/small><\/p>\n","protected":false},"excerpt":{"rendered":"<p>El mandatario Jos\u00e9 Antonio Kast destac\u00f3 en un acto conmemorativo del D\u00eda del Trabajador la necesidad de priorizar la creaci\u00f3n de empleo, se\u00f1alando que el pa\u00eds atraviesa una \u201cemergencia laboral\u201d. Distingui\u00f3 su postura frente a movilizaciones como la convocada por la CUT, enfatizando que las protestas no resuelven el problema estructural del mercado laboral. El [&hellip;]<\/p>\n","protected":false},"author":2,"featured_media":26285,"comment_status":"closed","ping_status":"open","sticky":false,"template":"","format":"standard","meta":{"_jetpack_memberships_contains_paid_content":false,"jnews-multi-image_gallery":[],"jnews_single_post":[],"jnews_primary_category":[],"jnews_social_meta":[],"jnews_paywall_metabox":[],"jnews_review":[],"enable_review":"","type":"","name":"","summary":"","brand":"","sku":"","good":[],"bad":[],"score_override":"","override_value":"","rating":[],"price":[],"jnews_override_counter":[],"jnews_post_split":[],"footnotes":""},"categories":[83],"tags":[],"class_list":["post-26286","post","type-post","status-publish","format-standard","has-post-thumbnail","hentry","category-politica"],"jetpack_featured_media_url":"https:\/\/laserenaradio.cl\/web\/wp-content\/uploads\/2026\/05\/mediapiaiextstaticimg_webpKastChile_0.webp","jetpack_sharing_enabled":true,"_links":{"self":[{"href":"https:\/\/laserenaradio.cl\/web\/wp-json\/wp\/v2\/posts\/26286","targetHints":{"allow":["GET"]}}],"collection":[{"href":"https:\/\/laserenaradio.cl\/web\/wp-json\/wp\/v2\/posts"}],"about":[{"href":"https:\/\/laserenaradio.cl\/web\/wp-json\/wp\/v2\/types\/post"}],"author":[{"embeddable":true,"href":"https:\/\/laserenaradio.cl\/web\/wp-json\/wp\/v2\/users\/2"}],"replies":[{"embeddable":true,"href":"https:\/\/laserenaradio.cl\/web\/wp-json\/wp\/v2\/comments?post=26286"}],"version-history":[{"count":1,"href":"https:\/\/laserenaradio.cl\/web\/wp-json\/wp\/v2\/posts\/26286\/revisions"}],"predecessor-version":[{"id":26287,"href":"https:\/\/laserenaradio.cl\/web\/wp-json\/wp\/v2\/posts\/26286\/revisions\/26287"}],"wp:featuredmedia":[{"embeddable":true,"href":"https:\/\/laserenaradio.cl\/web\/wp-json\/wp\/v2\/media\/26285"}],"wp:attachment":[{"href":"https:\/\/laserenaradio.cl\/web\/wp-json\/wp\/v2\/media?parent=26286"}],"wp:term":[{"taxonomy":"category","embeddable":true,"href":"https:\/\/laserenaradio.cl\/web\/wp-json\/wp\/v2\/categories?post=26286"},{"taxonomy":"post_tag","embeddable":true,"href":"https:\/\/laserenaradio.cl\/web\/wp-json\/wp\/v2\/tags?post=26286"}],"curies":[{"name":"wp","href":"https:\/\/api.w.org\/{rel}","templated":true}]}}