{"id":26283,"date":"2026-05-01T14:04:40","date_gmt":"2026-05-01T17:04:40","guid":{"rendered":"https:\/\/laserenaradio.cl\/web\/?p=26283"},"modified":"2026-05-01T14:04:40","modified_gmt":"2026-05-01T17:04:40","slug":"jose-mourinho-desmiente-rumores-de-vuelta-al-real-madrid","status":"publish","type":"post","link":"https:\/\/laserenaradio.cl\/web\/2026\/05\/01\/jose-mourinho-desmiente-rumores-de-vuelta-al-real-madrid\/","title":{"rendered":"Jos\u00e9 Mourinho desmiente rumores de vuelta al Real Madrid"},"content":{"rendered":"<p>El entrenador del Benfica, Jos\u00e9 Mourinho, desminti\u00f3 los rumores sobre su posible retorno al Real Madrid para la pr\u00f3xima campa\u00f1a. Asegur\u00f3 que ning\u00fan representante del club blanco ha mantenido contacto con \u00e9l, descartando cualquier negociaci\u00f3n en curso.  <\/p>\n<p>Rechaz\u00f3 especulaciones sobre su futuro inmediato, destacando que su atenci\u00f3n se centra en los tres encuentros restantes. \u201cNuestro objetivo es asegurar el segundo puesto para la clasificaci\u00f3n a la Champions, adem\u00e1s de luchar por el t\u00edtulo. La ceremonia de presentaci\u00f3n fue breve; mi compromiso es con el club y los jugadores, no con distracciones externas\u201d, afirm\u00f3.  <\/p>\n<p>Mencion\u00f3 los pr\u00f3ximos enfrentamientos contra Famalic\u00e3o, Braga y Estoril, subrayando la importancia de cada partido. \u201cLas vacaciones solo llegar\u00e1n tras cumplir con los compromisos. El presente es el momento de actuar, no de hablar de lo que no es posible\u201d, concluy\u00f3.<\/p>\n<p><small><i><strong>Aviso de transparencia:<\/strong> Este art\u00edculo ha sido elaborado con la asistencia de Inteligencia Artificial para optimizar el procesamiento de informaci\u00f3n. Sin embargo, todo el contenido ha sido revisado, editado y validado por el equipo period\u00edstico de <strong><a href=\"https:\/\/laserenaradio.cl\/web\/\">LaSerenaRadio.cl<\/a><\/strong>, garantizando nuestra l\u00ednea editorial y veracidad informativa.<\/i><\/small><\/p>\n","protected":false},"excerpt":{"rendered":"<p>El entrenador del Benfica, Jos\u00e9 Mourinho, desminti\u00f3 los rumores sobre su posible retorno al Real Madrid para la pr\u00f3xima campa\u00f1a. Asegur\u00f3 que ning\u00fan representante del club blanco ha mantenido contacto con \u00e9l, descartando cualquier negociaci\u00f3n en curso. Rechaz\u00f3 especulaciones sobre su futuro inmediato, destacando que su atenci\u00f3n se centra en los tres encuentros restantes. \u201cNuestro [&hellip;]<\/p>\n","protected":false},"author":2,"featured_media":26282,"comment_status":"closed","ping_status":"open","sticky":false,"template":"","format":"standard","meta":{"_jetpack_memberships_contains_paid_content":false,"jnews-multi-image_gallery":[],"jnews_single_post":[],"jnews_primary_category":[],"jnews_social_meta":[],"jnews_paywall_metabox":[],"jnews_review":[],"enable_review":"","type":"","name":"","summary":"","brand":"","sku":"","good":[],"bad":[],"score_override":"","override_value":"","rating":[],"price":[],"jnews_override_counter":[],"jnews_post_split":[],"footnotes":""},"categories":[84],"tags":[],"class_list":["post-26283","post","type-post","status-publish","format-standard","has-post-thumbnail","hentry","category-deportes"],"jetpack_featured_media_url":"https:\/\/laserenaradio.cl\/web\/wp-content\/uploads\/2026\/05\/mediapiaiextstaticimg_webpJoseMourinho_0.webp","jetpack_sharing_enabled":true,"_links":{"self":[{"href":"https:\/\/laserenaradio.cl\/web\/wp-json\/wp\/v2\/posts\/26283","targetHints":{"allow":["GET"]}}],"collection":[{"href":"https:\/\/laserenaradio.cl\/web\/wp-json\/wp\/v2\/posts"}],"about":[{"href":"https:\/\/laserenaradio.cl\/web\/wp-json\/wp\/v2\/types\/post"}],"author":[{"embeddable":true,"href":"https:\/\/laserenaradio.cl\/web\/wp-json\/wp\/v2\/users\/2"}],"replies":[{"embeddable":true,"href":"https:\/\/laserenaradio.cl\/web\/wp-json\/wp\/v2\/comments?post=26283"}],"version-history":[{"count":1,"href":"https:\/\/laserenaradio.cl\/web\/wp-json\/wp\/v2\/posts\/26283\/revisions"}],"predecessor-version":[{"id":26284,"href":"https:\/\/laserenaradio.cl\/web\/wp-json\/wp\/v2\/posts\/26283\/revisions\/26284"}],"wp:featuredmedia":[{"embeddable":true,"href":"https:\/\/laserenaradio.cl\/web\/wp-json\/wp\/v2\/media\/26282"}],"wp:attachment":[{"href":"https:\/\/laserenaradio.cl\/web\/wp-json\/wp\/v2\/media?parent=26283"}],"wp:term":[{"taxonomy":"category","embeddable":true,"href":"https:\/\/laserenaradio.cl\/web\/wp-json\/wp\/v2\/categories?post=26283"},{"taxonomy":"post_tag","embeddable":true,"href":"https:\/\/laserenaradio.cl\/web\/wp-json\/wp\/v2\/tags?post=26283"}],"curies":[{"name":"wp","href":"https:\/\/api.w.org\/{rel}","templated":true}]}}