{"id":26277,"date":"2026-05-01T00:26:30","date_gmt":"2026-05-01T03:26:30","guid":{"rendered":"https:\/\/laserenaradio.cl\/web\/?p=26277"},"modified":"2026-05-01T00:26:30","modified_gmt":"2026-05-01T03:26:30","slug":"despliegan-fiscalizaciones-en-antofagasta-por-fin-de-semana-largo-del-dia-del-trabajador","status":"publish","type":"post","link":"https:\/\/laserenaradio.cl\/web\/2026\/05\/01\/despliegan-fiscalizaciones-en-antofagasta-por-fin-de-semana-largo-del-dia-del-trabajador\/","title":{"rendered":"Despliegan fiscalizaciones en Antofagasta por fin de semana largo del D\u00eda del Trabajador"},"content":{"rendered":"<p>Las fiscalizaciones en Antofagasta por el fin de semana largo del D\u00eda del Trabajador comenzaron este jueves un amplio operativo realizado en el Terminal de Buses Carlos Oviedo Cavada de Antofagasta, participaron la Delegaci\u00f3n Presidencial Regional; el Seremi de Seguridad P\u00fablica, Juan Fern\u00e1ndez; el Seremi de Transportes y Telecomunicaciones, Pablo Venandy; la Seremi de Gobierno, Catalina Gonz\u00e1lez; la Seremi del Trabajo y Previsi\u00f3n Social, Paola Solari; el Prefecto de Antofagasta, coronel Luis Mu\u00f1oz; el Director Regional de SENDA, N\u00e9stor Maizares; el Director Regional (s) de la Direcci\u00f3n del Trabajo, Manuel Cabezas; y el Jefe (s) del Departamento de Migraciones de la Polic\u00eda de Investigaciones (PDI), subprefecto Sebasti\u00e1n Bahamondes, junto a sus respectivos equipos fiscalizadores.<\/p>\n<p>Durante la jornada se realizaron controles preventivos a buses interurbanos, conductores y pasajeros, reforzando las medidas de seguridad vial y el cumplimiento de la normativa vigente.<\/p>\n<p>El Seremi de Seguridad P\u00fablica, Juan Fern\u00e1ndez, destac\u00f3 que \u201choy iniciamos estas fiscalizaciones para la tranquilidad de la gente. Estamos con Carabineros y la PDI revisando los antecedentes de transe\u00fantes, pasajeros y transportistas. Esto es todo el fin de semana largo en el que la gente sale a disfrutar y a descansar. Empezamos hoy y seguiremos hasta el fin de semana en el que tenemos que preocuparnos por el regreso, en el que habr\u00e1 gran afluencia en los terminales y en las rutas, y ah\u00ed vamos a estar trabajando\u201d.<\/p>\n<p>Por su parte el Prefecto de Antofagasta, coronel Luis Mu\u00f1oz, se\u00f1al\u00f3 que \u201ccomo es costumbre en cada fin de semana largo, estamos desplegados en los terminales de buses, las diferentes arterias y rutas de la provincia con la finalidad de poder entregar tranquilidad a los conductores, peatones y familias que se desplazan. En este momento, estamos realizando diferentes controles preventivos por parte de la SIAT de Carabineros para poder realizar alcotest, narcotest, ver la documentaci\u00f3n de las m\u00e1quinas y las medidas de seguridad para ver si est\u00e1n en condiciones de transitar por la v\u00eda p\u00fablica y as\u00ed, evitar accidentes del tr\u00e1nsito\u201d.<\/p>\n<p>En tanto, el Seremi de Transportes y Telecomunicaciones, Pablo Venandy, indic\u00f3 que \u201ceste operativo se organiz\u00f3 con el fin de que fuera robusto, por esto tenemos ac\u00e1 a la PDI, a Carabineros y a nuestros fiscalizadores. Estamos muy preocupados por estar en terreno, lo que es un mandato de nuestro Presidente Jos\u00e9 Antonio Kast y de nuestra delegada Katherine L\u00f3pez. Es clave hacer las fiscalizaciones desde todo punto de vista, en nuestro caso, de los conductores, si tienen sus papeles al d\u00eda para conducir, y tambi\u00e9n las condiciones de las m\u00e1quinas. Tambi\u00e9n es muy importante se\u00f1alar que estamos desarrollando una campa\u00f1a para el uso del cintur\u00f3n de seguridad donde es clave la responsabilidad de los usuarios. Este es un fin de semana largo, la gente viaja mucho y necesitamos que haya conciencia. Est\u00e1 estad\u00edsticamente comprobado que el cintur\u00f3n salva vidas, as\u00ed es que estamos generando conciencia en todos los viajeros\u201d.<\/p>\n<p>Desde la Polic\u00eda de Investigaciones informaron que durante la jornada se detectaron algunas infracciones a la Ley de Migraciones, las que ser\u00e1n puestas en conocimiento de la autoridad administrativa correspondiente. Asimismo, destacaron que la mayor\u00eda de las personas extranjeras fiscalizadas manten\u00edan su situaci\u00f3n migratoria regularizada y valoraron el contacto directo con la ciudadan\u00eda para resolver dudas y entregar orientaci\u00f3n.<\/p>\n<p>El director regional de SENDA, N\u00e9stor Maizares, explic\u00f3 que la instituci\u00f3n est\u00e1 apoyando los controles mediante el programa Tolerancia Cero, aplicando alcotest y narcotest en terreno para prevenir accidentes de tr\u00e1nsito. Adem\u00e1s, se\u00f1al\u00f3 que equipos preventivos est\u00e1n entregando recomendaciones a quienes viajan durante este fin de semana, promoviendo conductas responsables y llamando especialmente a madres, padres y cuidadores a resguardar a ni\u00f1os, ni\u00f1as y adolescentes.<\/p>\n<p>Por su parte, el director regional (s) del Trabajo, Manuel Cabezas, indic\u00f3 que la instituci\u00f3n desarrolla un plan nacional de fiscalizaciones orientado a verificar las condiciones laborales y de descanso de los conductores. En ese marco, se revisa el cumplimiento de los tiempos de descanso obligatorios y los sistemas de registro de jornada, con el fin de proteger tanto a los trabajadores como a los pasajeros.<\/p>\n<p>Resultados preliminares del operativo<\/p>\n<p>De acuerdo con el balance preliminar, la Seremi de Transportes realiz\u00f3 25 controles a buses interurbanos y curs\u00f3 4 citaciones al Juzgado de Polic\u00eda Local por infracciones a la Ley de Tr\u00e1nsito. Por su parte, la Direcci\u00f3n del Trabajo fiscaliz\u00f3 8 buses interurbanos y sancion\u00f3 a 4 empresas por no contar con registros que permitieran verificar las horas de viaje de los conductores.<\/p>\n<p>En tanto, Carabineros efectu\u00f3 130 controles vehiculares, 147 controles de identidad y 20 controles de alcotest. Adem\u00e1s, curs\u00f3 11 citaciones al Juzgado de Polic\u00eda Local por infracciones a la normativa vigente y detuvo a una persona que manten\u00eda una orden vigente. Finalmente, la PDI control\u00f3 a 60 personas extranjeras y denunci\u00f3 a 4 de ellas ante la autoridad administrativa por infracci\u00f3n a la Ley de Migraciones.<\/p>\n","protected":false},"excerpt":{"rendered":"<p>Las fiscalizaciones en Antofagasta por el fin de semana largo del D\u00eda del Trabajador comenzaron este jueves un amplio operativo realizado en el Terminal de Buses Carlos Oviedo Cavada de Antofagasta, participaron la Delegaci\u00f3n Presidencial Regional; el Seremi de Seguridad P\u00fablica, Juan Fern\u00e1ndez; el Seremi de Transportes y Telecomunicaciones, Pablo Venandy; la Seremi de Gobierno, [&hellip;]<\/p>\n","protected":false},"author":2,"featured_media":26276,"comment_status":"closed","ping_status":"open","sticky":false,"template":"","format":"standard","meta":{"_jetpack_memberships_contains_paid_content":false,"jnews-multi-image_gallery":[],"jnews_single_post":[],"jnews_primary_category":[],"jnews_social_meta":[],"jnews_paywall_metabox":[],"jnews_review":[],"enable_review":"","type":"","name":"","summary":"","brand":"","sku":"","good":[],"bad":[],"score_override":"","override_value":"","rating":[],"price":[],"jnews_override_counter":[],"jnews_post_split":[],"footnotes":""},"categories":[21],"tags":[],"class_list":["post-26277","post","type-post","status-publish","format-standard","has-post-thumbnail","hentry","category-nacional"],"jetpack_featured_media_url":"https:\/\/laserenaradio.cl\/web\/wp-content\/uploads\/2026\/05\/mediapiaiextstaticimg_webpDesplieganAntofagastafinsemanacontrolesAntofagasta_source.webp","jetpack_sharing_enabled":true,"_links":{"self":[{"href":"https:\/\/laserenaradio.cl\/web\/wp-json\/wp\/v2\/posts\/26277","targetHints":{"allow":["GET"]}}],"collection":[{"href":"https:\/\/laserenaradio.cl\/web\/wp-json\/wp\/v2\/posts"}],"about":[{"href":"https:\/\/laserenaradio.cl\/web\/wp-json\/wp\/v2\/types\/post"}],"author":[{"embeddable":true,"href":"https:\/\/laserenaradio.cl\/web\/wp-json\/wp\/v2\/users\/2"}],"replies":[{"embeddable":true,"href":"https:\/\/laserenaradio.cl\/web\/wp-json\/wp\/v2\/comments?post=26277"}],"version-history":[{"count":1,"href":"https:\/\/laserenaradio.cl\/web\/wp-json\/wp\/v2\/posts\/26277\/revisions"}],"predecessor-version":[{"id":26278,"href":"https:\/\/laserenaradio.cl\/web\/wp-json\/wp\/v2\/posts\/26277\/revisions\/26278"}],"wp:featuredmedia":[{"embeddable":true,"href":"https:\/\/laserenaradio.cl\/web\/wp-json\/wp\/v2\/media\/26276"}],"wp:attachment":[{"href":"https:\/\/laserenaradio.cl\/web\/wp-json\/wp\/v2\/media?parent=26277"}],"wp:term":[{"taxonomy":"category","embeddable":true,"href":"https:\/\/laserenaradio.cl\/web\/wp-json\/wp\/v2\/categories?post=26277"},{"taxonomy":"post_tag","embeddable":true,"href":"https:\/\/laserenaradio.cl\/web\/wp-json\/wp\/v2\/tags?post=26277"}],"curies":[{"name":"wp","href":"https:\/\/api.w.org\/{rel}","templated":true}]}}