{"id":26271,"date":"2026-05-01T00:16:45","date_gmt":"2026-05-01T03:16:45","guid":{"rendered":"https:\/\/laserenaradio.cl\/web\/?p=26271"},"modified":"2026-05-01T00:16:45","modified_gmt":"2026-05-01T03:16:45","slug":"el-ministro-de-vivienda-se-refiere-a-la-senadora-paulina-nunez-como-sensible","status":"publish","type":"post","link":"https:\/\/laserenaradio.cl\/web\/2026\/05\/01\/el-ministro-de-vivienda-se-refiere-a-la-senadora-paulina-nunez-como-sensible\/","title":{"rendered":"El Ministro de Vivienda se refiere a la senadora Paulina N\u00fa\u00f1ez como &#8220;sensible&#8221;"},"content":{"rendered":"<p>El titular de Vivienda y Urbanismo, Iv\u00e1n Poduje, volvi\u00f3 a abordar la pol\u00e9mica Ley de Humedales y dirigi\u00f3 un comentario directo a la presidenta del Senado, Paulina N\u00fa\u00f1ez (RN).  <\/p>\n<p>Explic\u00f3 que el enfoque debe centrarse en resolver el d\u00e9ficit habitacional, se\u00f1alando que el exmandatario Gabriel Boric no alcanz\u00f3 sus metas. Aclar\u00f3 que sus disculpas, si las hubo, no est\u00e1n relacionadas con cr\u00edticas hacia los parlamentarios, sino con la necesidad de priorizar soluciones reales.  <\/p>\n<p>Reiter\u00f3 que las leyes existentes requieren ajustes urgentes y que no existe prioridad en temas que no impactan directamente en el acceso a vivienda digna.<\/p>\n<p><small><i><strong>Aviso de transparencia:<\/strong> Este art\u00edculo ha sido elaborado con la asistencia de Inteligencia Artificial para optimizar el procesamiento de informaci\u00f3n. Sin embargo, todo el contenido ha sido revisado, editado y validado por el equipo period\u00edstico de <strong><a href=\"https:\/\/laserenaradio.cl\/web\/\">LaSerenaRadio.cl<\/a><\/strong>, garantizando nuestra l\u00ednea editorial y veracidad informativa.<\/i><\/small><\/p>\n","protected":false},"excerpt":{"rendered":"<p>El titular de Vivienda y Urbanismo, Iv\u00e1n Poduje, volvi\u00f3 a abordar la pol\u00e9mica Ley de Humedales y dirigi\u00f3 un comentario directo a la presidenta del Senado, Paulina N\u00fa\u00f1ez (RN). Explic\u00f3 que el enfoque debe centrarse en resolver el d\u00e9ficit habitacional, se\u00f1alando que el exmandatario Gabriel Boric no alcanz\u00f3 sus metas. Aclar\u00f3 que sus disculpas, si [&hellip;]<\/p>\n","protected":false},"author":2,"featured_media":9077,"comment_status":"closed","ping_status":"open","sticky":false,"template":"","format":"standard","meta":{"_jetpack_memberships_contains_paid_content":false,"jnews-multi-image_gallery":[],"jnews_single_post":[],"jnews_primary_category":[],"jnews_social_meta":[],"jnews_paywall_metabox":[],"jnews_review":[],"enable_review":"","type":"","name":"","summary":"","brand":"","sku":"","good":[],"bad":[],"score_override":"","override_value":"","rating":[],"price":[],"jnews_override_counter":[],"jnews_post_split":[],"footnotes":""},"categories":[83],"tags":[],"class_list":["post-26271","post","type-post","status-publish","format-standard","has-post-thumbnail","hentry","category-politica"],"jetpack_featured_media_url":"https:\/\/laserenaradio.cl\/web\/wp-content\/uploads\/2024\/12\/laserenaradio_politica.webp","jetpack_sharing_enabled":true,"_links":{"self":[{"href":"https:\/\/laserenaradio.cl\/web\/wp-json\/wp\/v2\/posts\/26271","targetHints":{"allow":["GET"]}}],"collection":[{"href":"https:\/\/laserenaradio.cl\/web\/wp-json\/wp\/v2\/posts"}],"about":[{"href":"https:\/\/laserenaradio.cl\/web\/wp-json\/wp\/v2\/types\/post"}],"author":[{"embeddable":true,"href":"https:\/\/laserenaradio.cl\/web\/wp-json\/wp\/v2\/users\/2"}],"replies":[{"embeddable":true,"href":"https:\/\/laserenaradio.cl\/web\/wp-json\/wp\/v2\/comments?post=26271"}],"version-history":[{"count":1,"href":"https:\/\/laserenaradio.cl\/web\/wp-json\/wp\/v2\/posts\/26271\/revisions"}],"predecessor-version":[{"id":26272,"href":"https:\/\/laserenaradio.cl\/web\/wp-json\/wp\/v2\/posts\/26271\/revisions\/26272"}],"wp:featuredmedia":[{"embeddable":true,"href":"https:\/\/laserenaradio.cl\/web\/wp-json\/wp\/v2\/media\/9077"}],"wp:attachment":[{"href":"https:\/\/laserenaradio.cl\/web\/wp-json\/wp\/v2\/media?parent=26271"}],"wp:term":[{"taxonomy":"category","embeddable":true,"href":"https:\/\/laserenaradio.cl\/web\/wp-json\/wp\/v2\/categories?post=26271"},{"taxonomy":"post_tag","embeddable":true,"href":"https:\/\/laserenaradio.cl\/web\/wp-json\/wp\/v2\/tags?post=26271"}],"curies":[{"name":"wp","href":"https:\/\/api.w.org\/{rel}","templated":true}]}}