{"id":26269,"date":"2026-05-01T00:10:32","date_gmt":"2026-05-01T03:10:32","guid":{"rendered":"https:\/\/laserenaradio.cl\/web\/?p=26269"},"modified":"2026-05-01T00:10:32","modified_gmt":"2026-05-01T03:10:32","slug":"kast-descarta-recortes-sociales","status":"publish","type":"post","link":"https:\/\/laserenaradio.cl\/web\/2026\/05\/01\/kast-descarta-recortes-sociales\/","title":{"rendered":"Kast descarta recortes sociales"},"content":{"rendered":"<p>El jueves, desde la regi\u00f3n de Ays\u00e9n, el presidente Jos\u00e9 Antonio Kast reafirm\u00f3 que no se eliminar\u00e1n programas sociales, en respuesta a una circular de Hacienda que propon\u00eda \u201cdescontinuar\u201d 142 iniciativas.  <\/p>\n<p>Explic\u00f3 que, aunque Hacienda solicit\u00f3 a las instituciones revisar el uso de recursos, no se ha mencionado la eliminaci\u00f3n de ayudas como la Junaeb ni la suspensi\u00f3n de becas.  <\/p>\n<p>Frente a la creciente cr\u00edtica hacia su gabinete, Kast descart\u00f3 cambios en el equipo ministerial y resalt\u00f3 su confianza en el desempe\u00f1o colectivo.  <\/p>\n<p>\u201cValoro el trabajo de mis ministros y no se producir\u00e1n modificaciones en la estructura actual\u201d, afirm\u00f3, concluyendo con un llamado a la calma ante la controversia generada.<\/p>\n<p><small><i><strong>Aviso de transparencia:<\/strong> Este art\u00edculo ha sido elaborado con la asistencia de Inteligencia Artificial para optimizar el procesamiento de informaci\u00f3n. Sin embargo, todo el contenido ha sido revisado, editado y validado por el equipo period\u00edstico de <strong><a href=\"https:\/\/laserenaradio.cl\/web\/\">LaSerenaRadio.cl<\/a><\/strong>, garantizando nuestra l\u00ednea editorial y veracidad informativa.<\/i><\/small><\/p>\n","protected":false},"excerpt":{"rendered":"<p>El jueves, desde la regi\u00f3n de Ays\u00e9n, el presidente Jos\u00e9 Antonio Kast reafirm\u00f3 que no se eliminar\u00e1n programas sociales, en respuesta a una circular de Hacienda que propon\u00eda \u201cdescontinuar\u201d 142 iniciativas. Explic\u00f3 que, aunque Hacienda solicit\u00f3 a las instituciones revisar el uso de recursos, no se ha mencionado la eliminaci\u00f3n de ayudas como la Junaeb [&hellip;]<\/p>\n","protected":false},"author":2,"featured_media":26268,"comment_status":"closed","ping_status":"open","sticky":false,"template":"","format":"standard","meta":{"_jetpack_memberships_contains_paid_content":false,"jnews-multi-image_gallery":[],"jnews_single_post":[],"jnews_primary_category":[],"jnews_social_meta":[],"jnews_paywall_metabox":[],"jnews_review":[],"enable_review":"","type":"","name":"","summary":"","brand":"","sku":"","good":[],"bad":[],"score_override":"","override_value":"","rating":[],"price":[],"jnews_override_counter":[],"jnews_post_split":[],"footnotes":""},"categories":[83],"tags":[],"class_list":["post-26269","post","type-post","status-publish","format-standard","has-post-thumbnail","hentry","category-politica"],"jetpack_featured_media_url":"https:\/\/laserenaradio.cl\/web\/wp-content\/uploads\/2026\/05\/mediapiaiextstaticimg_webpKastsociales_1.webp","jetpack_sharing_enabled":true,"_links":{"self":[{"href":"https:\/\/laserenaradio.cl\/web\/wp-json\/wp\/v2\/posts\/26269","targetHints":{"allow":["GET"]}}],"collection":[{"href":"https:\/\/laserenaradio.cl\/web\/wp-json\/wp\/v2\/posts"}],"about":[{"href":"https:\/\/laserenaradio.cl\/web\/wp-json\/wp\/v2\/types\/post"}],"author":[{"embeddable":true,"href":"https:\/\/laserenaradio.cl\/web\/wp-json\/wp\/v2\/users\/2"}],"replies":[{"embeddable":true,"href":"https:\/\/laserenaradio.cl\/web\/wp-json\/wp\/v2\/comments?post=26269"}],"version-history":[{"count":1,"href":"https:\/\/laserenaradio.cl\/web\/wp-json\/wp\/v2\/posts\/26269\/revisions"}],"predecessor-version":[{"id":26270,"href":"https:\/\/laserenaradio.cl\/web\/wp-json\/wp\/v2\/posts\/26269\/revisions\/26270"}],"wp:featuredmedia":[{"embeddable":true,"href":"https:\/\/laserenaradio.cl\/web\/wp-json\/wp\/v2\/media\/26268"}],"wp:attachment":[{"href":"https:\/\/laserenaradio.cl\/web\/wp-json\/wp\/v2\/media?parent=26269"}],"wp:term":[{"taxonomy":"category","embeddable":true,"href":"https:\/\/laserenaradio.cl\/web\/wp-json\/wp\/v2\/categories?post=26269"},{"taxonomy":"post_tag","embeddable":true,"href":"https:\/\/laserenaradio.cl\/web\/wp-json\/wp\/v2\/tags?post=26269"}],"curies":[{"name":"wp","href":"https:\/\/api.w.org\/{rel}","templated":true}]}}