{"id":26266,"date":"2026-05-01T00:07:22","date_gmt":"2026-05-01T03:07:22","guid":{"rendered":"https:\/\/laserenaradio.cl\/web\/?p=26266"},"modified":"2026-05-01T00:07:22","modified_gmt":"2026-05-01T03:07:22","slug":"expectativas-ciudadanas-sobre-gobierno-chileno-caen-y-desaprobacion-de-kast-sube","status":"publish","type":"post","link":"https:\/\/laserenaradio.cl\/web\/2026\/05\/01\/expectativas-ciudadanas-sobre-gobierno-chileno-caen-y-desaprobacion-de-kast-sube\/","title":{"rendered":"Expectativas ciudadanas sobre gobierno chileno caen y desaprobaci\u00f3n de Kast sube"},"content":{"rendered":"<p>La encuesta Plaza P\u00fablica de Cadem revel\u00f3 una disminuci\u00f3n significativa en la confianza ciudadana hacia el gobierno en temas como seguridad, econom\u00eda e inmigraci\u00f3n, mientras que la impopularidad del presidente Jos\u00e9 Antonio Kast aument\u00f3.  <\/p>\n<p>Por otro lado, en \u00e1reas donde el gobierno tiene m\u00e1s respaldo, se destacan reformas estructurales: el 55% espera la eliminaci\u00f3n de permisos que obstaculizan inversiones, el 54% apoya la devoluci\u00f3n de la selecci\u00f3n de alumnos a colegios p\u00fablicos y el 52% respalda la supresi\u00f3n de contribuciones para primera vivienda.  <\/p>\n<p>La aprobaci\u00f3n del presidente Kast se ubic\u00f3 en 40% (menos 1 punto), mientras que la desaprobaci\u00f3n subi\u00f3 a 57% (m\u00e1s 4 puntos), alcanzando el nivel m\u00e1s alto desde su inicio en el cargo.  <\/p>\n<p>No obstante, persisten cr\u00edticas sobre el manejo del gasto p\u00fablico: el 42% opina que el Estado \u201cgasta mal\u201d y el 33% piensa que muchos programas son innecesarios.  <\/p>\n<p>Aun as\u00ed, hay rechazo a ajustes: el 59% se opone a revisar o eliminar 142 programas estatales, y el 54% rechaza recortes del 3% en los presupuestos ministeriales.<\/p>\n<p><small><i><strong>Aviso de transparencia:<\/strong> Este art\u00edculo ha sido elaborado con la asistencia de Inteligencia Artificial para optimizar el procesamiento de informaci\u00f3n. Sin embargo, todo el contenido ha sido revisado, editado y validado por el equipo period\u00edstico de <strong><a href=\"https:\/\/laserenaradio.cl\/web\/\">LaSerenaRadio.cl<\/a><\/strong>, garantizando nuestra l\u00ednea editorial y veracidad informativa.<\/i><\/small><\/p>\n","protected":false},"excerpt":{"rendered":"<p>La encuesta Plaza P\u00fablica de Cadem revel\u00f3 una disminuci\u00f3n significativa en la confianza ciudadana hacia el gobierno en temas como seguridad, econom\u00eda e inmigraci\u00f3n, mientras que la impopularidad del presidente Jos\u00e9 Antonio Kast aument\u00f3. Por otro lado, en \u00e1reas donde el gobierno tiene m\u00e1s respaldo, se destacan reformas estructurales: el 55% espera la eliminaci\u00f3n de [&hellip;]<\/p>\n","protected":false},"author":2,"featured_media":26265,"comment_status":"closed","ping_status":"open","sticky":false,"template":"","format":"standard","meta":{"_jetpack_memberships_contains_paid_content":false,"jnews-multi-image_gallery":[],"jnews_single_post":[],"jnews_primary_category":[],"jnews_social_meta":[],"jnews_paywall_metabox":[],"jnews_review":[],"enable_review":"","type":"","name":"","summary":"","brand":"","sku":"","good":[],"bad":[],"score_override":"","override_value":"","rating":[],"price":[],"jnews_override_counter":[],"jnews_post_split":[],"footnotes":""},"categories":[83],"tags":[],"class_list":["post-26266","post","type-post","status-publish","format-standard","has-post-thumbnail","hentry","category-politica"],"jetpack_featured_media_url":"https:\/\/laserenaradio.cl\/web\/wp-content\/uploads\/2026\/05\/mediapiaiextstaticimg_webpgobiernopresidenteKastsobre_1.webp","jetpack_sharing_enabled":true,"_links":{"self":[{"href":"https:\/\/laserenaradio.cl\/web\/wp-json\/wp\/v2\/posts\/26266","targetHints":{"allow":["GET"]}}],"collection":[{"href":"https:\/\/laserenaradio.cl\/web\/wp-json\/wp\/v2\/posts"}],"about":[{"href":"https:\/\/laserenaradio.cl\/web\/wp-json\/wp\/v2\/types\/post"}],"author":[{"embeddable":true,"href":"https:\/\/laserenaradio.cl\/web\/wp-json\/wp\/v2\/users\/2"}],"replies":[{"embeddable":true,"href":"https:\/\/laserenaradio.cl\/web\/wp-json\/wp\/v2\/comments?post=26266"}],"version-history":[{"count":1,"href":"https:\/\/laserenaradio.cl\/web\/wp-json\/wp\/v2\/posts\/26266\/revisions"}],"predecessor-version":[{"id":26267,"href":"https:\/\/laserenaradio.cl\/web\/wp-json\/wp\/v2\/posts\/26266\/revisions\/26267"}],"wp:featuredmedia":[{"embeddable":true,"href":"https:\/\/laserenaradio.cl\/web\/wp-json\/wp\/v2\/media\/26265"}],"wp:attachment":[{"href":"https:\/\/laserenaradio.cl\/web\/wp-json\/wp\/v2\/media?parent=26266"}],"wp:term":[{"taxonomy":"category","embeddable":true,"href":"https:\/\/laserenaradio.cl\/web\/wp-json\/wp\/v2\/categories?post=26266"},{"taxonomy":"post_tag","embeddable":true,"href":"https:\/\/laserenaradio.cl\/web\/wp-json\/wp\/v2\/tags?post=26266"}],"curies":[{"name":"wp","href":"https:\/\/api.w.org\/{rel}","templated":true}]}}