{"id":26263,"date":"2026-05-01T00:03:39","date_gmt":"2026-05-01T03:03:39","guid":{"rendered":"https:\/\/laserenaradio.cl\/web\/?p=26263"},"modified":"2026-05-01T00:03:39","modified_gmt":"2026-05-01T03:03:39","slug":"marcelo-diaz-queda-descartado-para-el-partido-contra-deportes-la-serena","status":"publish","type":"post","link":"https:\/\/laserenaradio.cl\/web\/2026\/05\/01\/marcelo-diaz-queda-descartado-para-el-partido-contra-deportes-la-serena\/","title":{"rendered":"Marcelo D\u00edaz queda descartado para el partido contra Deportes La Serena."},"content":{"rendered":"<p>Marcelo D\u00edaz no pudo participar en el encuentro del s\u00e1bado 2 de mayo por una lesi\u00f3n persistente en el tal\u00f3n, lo que lo mantiene fuera de la alineaci\u00f3n de los azules. Su ausencia se suma a la baja de otros jugadores clave, afectando la estrategia del equipo en la Copa de la Liga.  <\/p>\n<p>Fernando Gago, entrenador del equipo, confirm\u00f3 que la ausencia de D\u00edaz no permitir\u00e1 contar con su experiencia en el partido ante los granates. Adem\u00e1s, el rol del volante sigue siendo secundario, con un historial de lesiones que lo ha mantenido fuera de la titularidad.  <\/p>\n<p>El partido est\u00e1 programado para las 15:00 horas en el estadio La Portada, donde los azules intentar\u00e1n consolidar su posici\u00f3n en la competici\u00f3n. La falta de opciones clave, como D\u00edaz y Carepato, refuerza la necesidad de ajustes t\u00e1cticos para enfrentar el desaf\u00edo.<\/p>\n<p><small><i><strong>Aviso de transparencia:<\/strong> Este art\u00edculo ha sido elaborado con la asistencia de Inteligencia Artificial para optimizar el procesamiento de informaci\u00f3n. Sin embargo, todo el contenido ha sido revisado, editado y validado por el equipo period\u00edstico de <strong><a href=\"https:\/\/laserenaradio.cl\/web\/\">LaSerenaRadio.cl<\/a><\/strong>, garantizando nuestra l\u00ednea editorial y veracidad informativa.<\/i><\/small><\/p>\n","protected":false},"excerpt":{"rendered":"<p>Marcelo D\u00edaz no pudo participar en el encuentro del s\u00e1bado 2 de mayo por una lesi\u00f3n persistente en el tal\u00f3n, lo que lo mantiene fuera de la alineaci\u00f3n de los azules. Su ausencia se suma a la baja de otros jugadores clave, afectando la estrategia del equipo en la Copa de la Liga. Fernando Gago, [&hellip;]<\/p>\n","protected":false},"author":2,"featured_media":26262,"comment_status":"closed","ping_status":"open","sticky":false,"template":"","format":"standard","meta":{"_jetpack_memberships_contains_paid_content":false,"jnews-multi-image_gallery":[],"jnews_single_post":[],"jnews_primary_category":[],"jnews_social_meta":[],"jnews_paywall_metabox":[],"jnews_review":[],"enable_review":"","type":"","name":"","summary":"","brand":"","sku":"","good":[],"bad":[],"score_override":"","override_value":"","rating":[],"price":[],"jnews_override_counter":[],"jnews_post_split":[],"footnotes":""},"categories":[84],"tags":[],"class_list":["post-26263","post","type-post","status-publish","format-standard","has-post-thumbnail","hentry","category-deportes"],"jetpack_featured_media_url":"https:\/\/laserenaradio.cl\/web\/wp-content\/uploads\/2026\/05\/mediapiaiextstaticimg_webpMarceloDiazMarceloregresoazulespuede_source.webp","jetpack_sharing_enabled":true,"_links":{"self":[{"href":"https:\/\/laserenaradio.cl\/web\/wp-json\/wp\/v2\/posts\/26263","targetHints":{"allow":["GET"]}}],"collection":[{"href":"https:\/\/laserenaradio.cl\/web\/wp-json\/wp\/v2\/posts"}],"about":[{"href":"https:\/\/laserenaradio.cl\/web\/wp-json\/wp\/v2\/types\/post"}],"author":[{"embeddable":true,"href":"https:\/\/laserenaradio.cl\/web\/wp-json\/wp\/v2\/users\/2"}],"replies":[{"embeddable":true,"href":"https:\/\/laserenaradio.cl\/web\/wp-json\/wp\/v2\/comments?post=26263"}],"version-history":[{"count":1,"href":"https:\/\/laserenaradio.cl\/web\/wp-json\/wp\/v2\/posts\/26263\/revisions"}],"predecessor-version":[{"id":26264,"href":"https:\/\/laserenaradio.cl\/web\/wp-json\/wp\/v2\/posts\/26263\/revisions\/26264"}],"wp:featuredmedia":[{"embeddable":true,"href":"https:\/\/laserenaradio.cl\/web\/wp-json\/wp\/v2\/media\/26262"}],"wp:attachment":[{"href":"https:\/\/laserenaradio.cl\/web\/wp-json\/wp\/v2\/media?parent=26263"}],"wp:term":[{"taxonomy":"category","embeddable":true,"href":"https:\/\/laserenaradio.cl\/web\/wp-json\/wp\/v2\/categories?post=26263"},{"taxonomy":"post_tag","embeddable":true,"href":"https:\/\/laserenaradio.cl\/web\/wp-json\/wp\/v2\/tags?post=26263"}],"curies":[{"name":"wp","href":"https:\/\/api.w.org\/{rel}","templated":true}]}}