{"id":26260,"date":"2026-05-01T00:00:01","date_gmt":"2026-05-01T03:00:01","guid":{"rendered":"https:\/\/laserenaradio.cl\/web\/?p=26260"},"modified":"2026-05-01T00:00:01","modified_gmt":"2026-05-01T03:00:01","slug":"ministerio-decide-no-caducar-concesion-de-enel-en-santiago","status":"publish","type":"post","link":"https:\/\/laserenaradio.cl\/web\/2026\/05\/01\/ministerio-decide-no-caducar-concesion-de-enel-en-santiago\/","title":{"rendered":"Ministerio decide no caducar concesi\u00f3n de Enel en Santiago."},"content":{"rendered":"<p>El <a href=\"http:\/\/www.energia.gob.cl\/\">Ministerio de Energ\u00eda<\/a> confirm\u00f3 el jueves que la empresa italiana Enel conservar\u00e1 su concesi\u00f3n en la Regi\u00f3n Metropolitana. Esta decisi\u00f3n pone fin a un proceso iniciado en agosto de 2024 tras los cortes de luz provocados por las lluvias y granizos en la capital.  <\/p>\n<p>El informe t\u00e9cnico de la SEC, entregado el 29 de abril, constat\u00f3 que la empresa cumpli\u00f3 con los est\u00e1ndares legales y reglamentarios en materia de suministro, comercializaci\u00f3n y calidad de energ\u00eda. Este documento respald\u00f3 la continuidad de la concesi\u00f3n pese a los cortes de luz y las sanciones impuestas a Enel.  <\/p>\n<p>El comunicado concluye que, independientemente del desenlace judicial, no existen motivos para revocar la autorizaci\u00f3n de operaci\u00f3n de Enel en la regi\u00f3n.<\/p>\n<p><small><i><strong>Aviso de transparencia:<\/strong> Este art\u00edculo ha sido elaborado con la asistencia de Inteligencia Artificial para optimizar el procesamiento de informaci\u00f3n. Sin embargo, todo el contenido ha sido revisado, editado y validado por el equipo period\u00edstico de <strong><a href=\"https:\/\/laserenaradio.cl\/web\/\">LaSerenaRadio.cl<\/a><\/strong>, garantizando nuestra l\u00ednea editorial y veracidad informativa.<\/i><\/small><\/p>\n","protected":false},"excerpt":{"rendered":"<p>El Ministerio de Energ\u00eda confirm\u00f3 el jueves que la empresa italiana Enel conservar\u00e1 su concesi\u00f3n en la Regi\u00f3n Metropolitana. Esta decisi\u00f3n pone fin a un proceso iniciado en agosto de 2024 tras los cortes de luz provocados por las lluvias y granizos en la capital. El informe t\u00e9cnico de la SEC, entregado el 29 de [&hellip;]<\/p>\n","protected":false},"author":2,"featured_media":9076,"comment_status":"closed","ping_status":"open","sticky":false,"template":"","format":"standard","meta":{"_jetpack_memberships_contains_paid_content":false,"jnews-multi-image_gallery":[],"jnews_single_post":[],"jnews_primary_category":[],"jnews_social_meta":[],"jnews_paywall_metabox":[],"jnews_review":[],"enable_review":"","type":"","name":"","summary":"","brand":"","sku":"","good":[],"bad":[],"score_override":"","override_value":"","rating":[],"price":[],"jnews_override_counter":[],"jnews_post_split":[],"footnotes":""},"categories":[21],"tags":[],"class_list":["post-26260","post","type-post","status-publish","format-standard","has-post-thumbnail","hentry","category-nacional"],"jetpack_featured_media_url":"https:\/\/laserenaradio.cl\/web\/wp-content\/uploads\/2024\/12\/laserenaradio_nacional.webp","jetpack_sharing_enabled":true,"_links":{"self":[{"href":"https:\/\/laserenaradio.cl\/web\/wp-json\/wp\/v2\/posts\/26260","targetHints":{"allow":["GET"]}}],"collection":[{"href":"https:\/\/laserenaradio.cl\/web\/wp-json\/wp\/v2\/posts"}],"about":[{"href":"https:\/\/laserenaradio.cl\/web\/wp-json\/wp\/v2\/types\/post"}],"author":[{"embeddable":true,"href":"https:\/\/laserenaradio.cl\/web\/wp-json\/wp\/v2\/users\/2"}],"replies":[{"embeddable":true,"href":"https:\/\/laserenaradio.cl\/web\/wp-json\/wp\/v2\/comments?post=26260"}],"version-history":[{"count":1,"href":"https:\/\/laserenaradio.cl\/web\/wp-json\/wp\/v2\/posts\/26260\/revisions"}],"predecessor-version":[{"id":26261,"href":"https:\/\/laserenaradio.cl\/web\/wp-json\/wp\/v2\/posts\/26260\/revisions\/26261"}],"wp:featuredmedia":[{"embeddable":true,"href":"https:\/\/laserenaradio.cl\/web\/wp-json\/wp\/v2\/media\/9076"}],"wp:attachment":[{"href":"https:\/\/laserenaradio.cl\/web\/wp-json\/wp\/v2\/media?parent=26260"}],"wp:term":[{"taxonomy":"category","embeddable":true,"href":"https:\/\/laserenaradio.cl\/web\/wp-json\/wp\/v2\/categories?post=26260"},{"taxonomy":"post_tag","embeddable":true,"href":"https:\/\/laserenaradio.cl\/web\/wp-json\/wp\/v2\/tags?post=26260"}],"curies":[{"name":"wp","href":"https:\/\/api.w.org\/{rel}","templated":true}]}}