{"id":26258,"date":"2026-04-30T20:19:32","date_gmt":"2026-04-30T23:19:32","guid":{"rendered":"https:\/\/laserenaradio.cl\/web\/?p=26258"},"modified":"2026-04-30T20:19:32","modified_gmt":"2026-04-30T23:19:32","slug":"delegada-de-atacama-sofia-cid-encabezo-gabinete-extraordinario-por-la-educacion","status":"publish","type":"post","link":"https:\/\/laserenaradio.cl\/web\/2026\/04\/30\/delegada-de-atacama-sofia-cid-encabezo-gabinete-extraordinario-por-la-educacion\/","title":{"rendered":"Delegada de Atacama Sof\u00eda Cid encabez\u00f3 gabinete extraordinario por la educaci\u00f3n"},"content":{"rendered":"<p>En el marco del despliegue en el pa\u00eds del Gobierno del Presidente Jos\u00e9 Antonio Kast, el subsecretario de Educaci\u00f3n, Daniel Rodr\u00edguez, y la delegada presidencial regional de Atacama, Sof\u00eda Cid, encabezaron junto a los delegados provinciales y seremis un gabinete extraordinario por la educaci\u00f3n, orientado a reforzar el trabajo intersectorial en seguridad, convivencia escolar y calidad educativa.<\/p>\n<p>En este sentido, la delegada presidencial regional, Sof\u00eda Cid, destac\u00f3 que \u201ceste gabinete extraordinario nos permite coordinar el trabajo de todos los sectores del Gobierno en torno a una prioridad com\u00fan: fortalecer comunidades educativas m\u00e1s seguras, protegidas y con mejores condiciones para el aprendizaje de ni\u00f1os y j\u00f3venes de Atacama\u201d.<\/p>\n<p>La instancia permiti\u00f3 articular el trabajo de los distintos sectores del Gobierno para avanzar en acciones que fortalezcan a las comunidades educativas, con \u00e9nfasis en entornos m\u00e1s seguros, protegidos y con mejores condiciones para el aprendizaje.<\/p>\n<p>La autoridad regional agreg\u00f3 que \u201cla educaci\u00f3n no depende solo de una cartera; requiere coordinaci\u00f3n, presencia territorial y trabajo conjunto. Por eso, queremos impulsar alianzas p\u00fablico-privadas que permitan sumar capacidades, fortalecer el apoyo a las comunidades educativas y responder de mejor manera a las necesidades de las familias de Atacama\u201d.<\/p>\n<p>En tanto, el subsecretario de Educaci\u00f3n, Daniel Rodr\u00edguez, en su visita a Atacama pudo constatar en establecimientos educacionales de la regi\u00f3n los principales desaf\u00edos que enfrentan las comunidades educativas, especialmente en materia de convivencia escolar, gesti\u00f3n interna y condiciones de fortalecimiento de los aprendizajes.<\/p>\n<p>\u201cCon mucha satisfacci\u00f3n pudimos ver los aportes y contribuciones de los directores de la regi\u00f3n, de distintas comunas, orientados principalmente a desburocratizar el sistema escolar, a permitirles m\u00e1s tiempo y m\u00e1s atribuciones para poder ser los l\u00edderes pedag\u00f3gicos que el sistema requieran que sean\u201d, indic\u00f3 al respecto el subsecretario Daniel Rodr\u00edguez.<\/p>\n<p>Por su parte, la seremi de Educaci\u00f3n de Atacama, Yoris Rojas, destac\u00f3 que \u201cla convivencia educativa es un pilar fundamental para el aprendizaje y el desarrollo de nuestras comunidades escolares. Esta visita refuerza nuestro compromiso como Gobierno de seguir impulsando acciones concretas que promuevan el bienestar, el respeto y la formaci\u00f3n integral de nuestros estudiantes\u201d.<\/p>\n<p>Finalmente, la delegada Sof\u00eda Cid sostuvo que \u201ctal como nos ha mandatado el Presidente Jos\u00e9 Antonio Kast, desde Atacama seguiremos trabajando de manera coordinada, con presencia en el territorio y con foco en entregar m\u00e1s seguridad, mejor convivencia y mayores oportunidades para nuestras comunidades educativas\u201d.<\/p>\n","protected":false},"excerpt":{"rendered":"<p>En el marco del despliegue en el pa\u00eds del Gobierno del Presidente Jos\u00e9 Antonio Kast, el subsecretario de Educaci\u00f3n, Daniel Rodr\u00edguez, y la delegada presidencial regional de Atacama, Sof\u00eda Cid, encabezaron junto a los delegados provinciales y seremis un gabinete extraordinario por la educaci\u00f3n, orientado a reforzar el trabajo intersectorial en seguridad, convivencia escolar y [&hellip;]<\/p>\n","protected":false},"author":2,"featured_media":26257,"comment_status":"closed","ping_status":"open","sticky":false,"template":"","format":"standard","meta":{"_jetpack_memberships_contains_paid_content":false,"jnews-multi-image_gallery":[],"jnews_single_post":[],"jnews_primary_category":[],"jnews_social_meta":[],"jnews_paywall_metabox":[],"jnews_review":[],"enable_review":"","type":"","name":"","summary":"","brand":"","sku":"","good":[],"bad":[],"score_override":"","override_value":"","rating":[],"price":[],"jnews_override_counter":[],"jnews_post_split":[],"footnotes":""},"categories":[83],"tags":[],"class_list":["post-26258","post","type-post","status-publish","format-standard","has-post-thumbnail","hentry","category-politica"],"jetpack_featured_media_url":"https:\/\/laserenaradio.cl\/web\/wp-content\/uploads\/2026\/04\/mediapiaiextstaticimg_webpDelegadaSofiaAtacamacomunidadesconvivenciaeducativas_source.webp","jetpack_sharing_enabled":true,"_links":{"self":[{"href":"https:\/\/laserenaradio.cl\/web\/wp-json\/wp\/v2\/posts\/26258","targetHints":{"allow":["GET"]}}],"collection":[{"href":"https:\/\/laserenaradio.cl\/web\/wp-json\/wp\/v2\/posts"}],"about":[{"href":"https:\/\/laserenaradio.cl\/web\/wp-json\/wp\/v2\/types\/post"}],"author":[{"embeddable":true,"href":"https:\/\/laserenaradio.cl\/web\/wp-json\/wp\/v2\/users\/2"}],"replies":[{"embeddable":true,"href":"https:\/\/laserenaradio.cl\/web\/wp-json\/wp\/v2\/comments?post=26258"}],"version-history":[{"count":1,"href":"https:\/\/laserenaradio.cl\/web\/wp-json\/wp\/v2\/posts\/26258\/revisions"}],"predecessor-version":[{"id":26259,"href":"https:\/\/laserenaradio.cl\/web\/wp-json\/wp\/v2\/posts\/26258\/revisions\/26259"}],"wp:featuredmedia":[{"embeddable":true,"href":"https:\/\/laserenaradio.cl\/web\/wp-json\/wp\/v2\/media\/26257"}],"wp:attachment":[{"href":"https:\/\/laserenaradio.cl\/web\/wp-json\/wp\/v2\/media?parent=26258"}],"wp:term":[{"taxonomy":"category","embeddable":true,"href":"https:\/\/laserenaradio.cl\/web\/wp-json\/wp\/v2\/categories?post=26258"},{"taxonomy":"post_tag","embeddable":true,"href":"https:\/\/laserenaradio.cl\/web\/wp-json\/wp\/v2\/tags?post=26258"}],"curies":[{"name":"wp","href":"https:\/\/api.w.org\/{rel}","templated":true}]}}